{"id":455,"date":"2024-12-03T19:24:41","date_gmt":"2024-12-03T18:24:41","guid":{"rendered":"https:\/\/ateliersdusi.cz\/?p=455"},"modified":"2025-05-12T14:32:50","modified_gmt":"2025-05-12T12:32:50","slug":"obraz-gaucovy-aneb-co-mam-furt-s-tim-vlcim-makem","status":"publish","type":"post","link":"https:\/\/ateliersdusi.cz\/de\/2024\/12\/03\/obraz-gaucovy-aneb-co-mam-furt-s-tim-vlcim-makem\/","title":{"rendered":"DAS SOFA-BILD \u2013 oder: Was habe ich eigentlich st\u00e4ndig mit diesem Klatschmohn"},"content":{"rendered":"<p>[et_pb_section fb_built=&#8220;1&#8243; _builder_version=&#8220;4.16&#8243; global_colors_info=&#8220;{}&#8220;][et_pb_row _builder_version=&#8220;4.16&#8243; background_size=&#8220;initial&#8220; background_position=&#8220;top_left&#8220; background_repeat=&#8220;repeat&#8220; global_colors_info=&#8220;{}&#8220;][et_pb_column type=&#8220;4_4&#8243; _builder_version=&#8220;4.16&#8243; custom_padding=&#8220;|||&#8220; global_colors_info=&#8220;{}&#8220; custom_padding__hover=&#8220;|||&#8220;][et_pb_text _builder_version=&#8220;4.16&#8243; background_size=&#8220;initial&#8220; background_position=&#8220;top_left&#8220; background_repeat=&#8220;repeat&#8220; global_colors_info=&#8220;{}&#8220;]<\/p>\n<p>V minul\u00e9m \u010d\u00edsle novin jsem v\u00e1m pov\u00eddala o tom, jak se rod\u00ed obrazy z Ateli\u00e9ru s du\u0161\u00ed, aneb pro\u010d m\u00e1m na fotk\u00e1ch zav\u0159en\u00fd o\u010di. Proto\u017ee rad\u0161i maluju ne\u017e p\u00ed\u0161u,tak v\u00e1m to zkus\u00edm zase vypr\u00e1v\u011bt. To bylo tak: \u201eJ\u00e1 maluju m\u00e1k, m\u00e1ma maluje m\u00e1k, prast\u00fdc maloval m\u00e1k.\u201c A te\u010f p\u011bkn\u011b popo\u0159\u00e1dku.\u00a0 Jmenuju se Jarka Pape\u017eov\u00e1, maluju cel\u00fd sv\u016fj \u017eivot. Lid\u00e9 m\u011b maj\u00ed spojenou hlavn\u011b s obrazy rozevl\u00e1t\u00fdch makov\u00fdch luk, venkovsk\u00fdch kytic pln\u00fdch kopretin, chrp a VL\u010c\u00cdHO M\u00c1KU.<\/p>\n<p>\u017diju v Po\u0161umav\u00ed, v prosklenn\u00e9m dome\u010dku s \u010derven\u00fdmi okny ve v\u00edsce s p\u0159\u00edjemn\u00fdm n\u00e1zvem \u201eVesel\u00ed\u201c. No a v tom dome\u010dku m\u00e1m OBRAZ. M\u00e1m tam tedy spoustu obraz\u016f, ale dnes chci vyzdvihnout hlavn\u011b ten ze v\u0161ech nejd\u016fle\u017eit\u011bj\u0161\u00ed, kter\u00fd m\u00e1m nejrad\u011bji &#8211; zkr\u00e1tka ten NEJMAKOV\u011aJ\u0160\u00cd..<br \/>Je to malba ve zdoben\u00e9m star\u00e9m r\u00e1mu s kulatou v\u00e1zou a velk\u00fdm pug\u00e9tem vl\u010d\u00edch m\u00e1k\u016f.<br \/>N\u011bkter\u00e9 kv\u011bty jsou hlavi\u010dkou dol\u016f, a\u017e pozd\u011bji jsem pochopila pro\u010d.. Namaloval ho m\u016fj prast\u00fdc a je podeps\u00e1n v pravo dole Hodl. Je to toti\u017e typick\u00fd OBRAZ GAU\u010cOV\u00dd, jak jim s oblibou \u0159\u00edk\u00e1m a mezi m\u00fdmi z\u00e1kazn\u00edky se to rychle v\u017eilo. Takov\u00fd obraz je v\u011bt\u0161inou del\u0161\u00ed ne\u017e vy\u0161\u0161\u00ed a je na n\u011bm cosi lahodn\u00e9ho , co se d\u00e1 po\u0159\u00e1d a donekone\u010dna pozorovat. Hlavn\u011b vle\u017ee samoz\u0159ejm\u011b- no a r\u00e1zem ty sklon\u011bn\u00e9 kv\u011bty d\u00e1vaj\u00ed smysl.<\/p>\n<p>Jak jsem ten obraz z\u00edskala, to je na del\u0161\u00ed pov\u00edd\u00e1n\u00ed.. Na to se mn\u011b zeptejte n\u011bkdy a\u017e p\u0159ijedete pro ten sv\u016fj makov\u00fd \u00falovek\u2026<br \/>Tak\u017ee mysl\u00edte, \u017ee to za\u010dlo v\u0161echno t\u00edm star\u00fdm makov\u00fdm obrazem? Neza\u010dalo!<\/p>\n<p>Maluju u\u017e od dob, co jsem udr\u017eela tu\u017eku v ruce, je to u\u017e p\u0159es 40 let, t\u00edm se chlubit nebudu..<br \/>Vl\u010d\u00ed m\u00e1ky jsem v\u017edy obdivovala, ty jejich zmuchlan\u00e9 \u010derven\u00e9 suk\u00fdnky vlaj\u00edc\u00ed ve v\u011btru.. Kdy\u017e jsem si tu kr\u00e1su cht\u011bla utrhnout, nedonesla jsem je nikdy dom\u016f.. Daj\u00ed se obdivovat jen tam, kde sami rostou. P\u016fsob\u00ed velmi k\u0159ehce a p\u0159esto jsou nezdoln\u00e9.. Dok\u00e1\u017eou se sami vysemenit.. a d\u011blaj\u00ed to velmi r\u00e1di.. Asi pro jejich neuchopitelnost jsem si je obl\u00edbila v\u00edce ne\u017e jin\u00e9 lu\u010dn\u00ed a poln\u00ed kv\u00edt\u00ed.<br \/>U\u017e jsem jich namalovala tolik&#8230; a po\u0159\u00e1d jich nen\u00ed dost. Zejm\u00e9na letn\u00ed louky jsou velmi obl\u00edben\u00e9,<br \/>nejv\u00edce ty ve velkoform\u00e1tov\u00e9. To kdy\u017e d\u00e1te nad gau\u010d \u2013 v\u0161ak u\u017e jsem to pov\u00eddala.. r\u00e1zem se ocitnete na slunn\u00e9 vo\u0148av\u00e9 louce&#8230;<\/p>\n<p>Te\u010f se dost\u00e1v\u00e1me k v\u011bci. Nechci dokumentovat to co u n\u00e1s roste, ale p\u0159in\u00e9st si kousek t\u00e9 vo\u0148av\u00e9 n\u00e1dhery dom\u016f.. Zachtit atmosf\u00e9ru, pom\u00edjiv\u00e9 okam\u017eiky, hru sv\u011btla, m\u00e1vnut\u00ed mot\u00fdl\u00fdch k\u0159\u00eddel..<br \/>Podle posledn\u00ed mal\u00ed\u0159sk\u00e9 m\u00f3dy si m\u016f\u017eete u m\u011b poru\u010dit, zda chcete louku p\u0159ed de\u0161t\u011bm, po de\u0161ti, rann\u00ed s kapkou rosy \u2013 ty jsou samoz\u0159ejm\u011b dra\u017e\u0161\u00ed, proto\u017ee nerada vst\u00e1v\u00e1m, fialovou bou\u0159kovou s je\u0161t\u011b teplou pavu\u010dinkou up\u0159edenou na model bab\u00ed l\u00e9to. Pos\u00edl\u00e1m je p\u011bkn\u00e9 zabalen\u00e9 do d\u00e1lky. I v cizin\u011b se dob\u0159e uchytili. Dokonce pr\u00fd pan\u00ed c\u00edtila i pyl \/asi nebudou vhodn\u00e9 pro alergiky. Maluju je nejrad\u011bji venku a skute\u010dn\u011b na n\u011b n\u011bco z t\u00e9 p\u0159\u00edrody napad\u00e1. \u010casto se mi p\u0159ilepuj\u00ed na schnouc\u00ed pl\u00e1tno mal\u00e9 hloup\u00e9 mu\u0161ky..a\u017e tolik se nechaly o\u0161\u00e1lit? Romanticky p\u016fsob\u00ed ve venkovsk\u00fdch chalup\u00e1ch. Nejeden p\u0159\u00edbytek u\u017e okr\u00e1\u0161lili a pomohly tak dotvo\u0159it \u00fatuln\u00fd domov. P\u0159ece jenom jak se pov\u011bs\u00ed obraz na \u010derstv\u011b vymalovanou ze\u010f, to je \u010dlov\u011bku hned doma tak n\u011bjak veseleji. Moje m\u00e1ky se objevily d\u00edky n\u00e1vrh\u00e1\u0159ce zna\u010dky Zannia i na letn\u00edch \u0161atech, \u010dervenaly se i na \u010dokol\u00e1d\u00e1ch, na termohrnku pro kav\u00e1rnu Jednoro\u017eec, na b\u00e1snick\u00e9 sb\u00edrce. Zkr\u00e1tka plevel\u00ed se mi hezky pod rukama sami.<\/p>\n<p>Vl\u010d\u00ed m\u00e1k ke mn\u011b prost\u011b pat\u0159\u00ed. P\u0159\u00e1tel\u00e9 mi je fot\u00ed v cizin\u011b i doma, m\u00e1m u\u017e p\u011bknou sb\u00edrku p\u0159edm\u011bt\u016f s touto t\u00e9matikou. V N\u011bmecku o m\u011b hovo\u0159ili jako o Mohnfrau \u2013 makov\u00e1 pan\u00ed.<\/p>\n<p>M\u00e1k se mi \u010derven\u00e1 i p\u0159ed chalupou. A\u017e pojedete kolem, schv\u00e1ln\u011b se pod\u00edvejte. A m\u00edsto v\u00fdv\u011bsn\u00edho \u0161t\u00edtu se houpe velk\u00e1 mal\u00ed\u0159sk\u00e1 paleta s n\u00e1pisem ATELI\u00c9R S DU\u0160\u00cd . Nebojte se, jestli bude cht\u00edt namalovat n\u011bco jin\u00e9ho, ne\u017e kv\u011btiny a vl\u010d\u00ed m\u00e1k, nevyprovod\u00edm v\u00e1s. R\u00e1da zachyt\u00edm v\u0161echno co m\u00e1 v sob\u011b kouzlo a poezii. Obl\u00edben\u00e9 jsou nap\u0159\u00edklad moje novinky s ply\u0161ov\u00fdmi medv\u00eddkami na pl\u00e1tn\u011b. N\u011bkdo zase tvrd\u00ed, \u017ee bych m\u011bla zaru\u010den\u011b malovat jenom architekturu,proto\u017ee ta mi jde nejv\u00edc. Siln\u00fd dojem zanech\u00e1vaj\u00ed i duchovn\u00ed t\u00e9mta a madonny, nebo kdy\u017e m\u011b p\u0159epadne nutnk\u00e1n\u00ed vykouzlit kouzeln\u00e9ho sk\u0159\u00edtka \u2013 r\u00e1zem se stane mil\u00e1\u010dkem cel\u00e9 rodiny..No schv\u00e1ln\u011b, co byste cht\u011bli namalovat vy?<\/p>\n<p>Tak\u017ee p\u0159\u00e1tele, jak prav\u00ed klasik &#8211; n\u011bkdo je takov\u00fd, a n\u011bkdo je MAKOV\u00dd a a\u017e v\u00e1m zk\u0159\u00ed\u017e\u00ed cestu vl\u010d\u00ed m\u00e1k, vzpomenete si na mn\u011b?<\/p>\n<p>R\u00e1da v\u00e1s potk\u00e1m na r\u016fzn\u00fdch akc\u00edch a v\u00fdstav\u00e1ch, kde se vyskytuji se sv\u00fdm barevn\u00fdm sv\u011btem.<br \/>Sledujte m\u016fj <a href=\"https:\/\/www.facebook.com\/profile.php?id=100063527202935\" target=\"_blank\" rel=\"noopener\">FB Jarka Pape\u017eov\u00e1 Ateli\u00e9r s du\u0161\u00ed<\/a> a neunikde v\u00e1m ani mal\u00ed\u0159sk\u00e1 my\u0161.<\/p>\n<p>[\/et_pb_text][\/et_pb_column][\/et_pb_row][\/et_pb_section]<\/p>\n","protected":false},"excerpt":{"rendered":"<p>V minul\u00e9m \u010d\u00edsle novin jsem v\u00e1m pov\u00eddala o tom, jak se rod\u00ed obrazy z Ateli\u00e9ru s du\u0161\u00ed, aneb pro\u010d m\u00e1m na fotk\u00e1ch zav\u0159en\u00fd o\u010di. Proto\u017ee rad\u0161i maluju ne\u017e p\u00ed\u0161u,tak v\u00e1m to zkus\u00edm zase vypr\u00e1v\u011bt. To bylo tak: \u201eJ\u00e1 maluju m\u00e1k, m\u00e1ma maluje m\u00e1k, prast\u00fdc maloval m\u00e1k.\u201c A te\u010f p\u011bkn\u011b popo\u0159\u00e1dku.\u00a0 Jmenuju se Jarka Pape\u017eov\u00e1, maluju [&hellip;]<\/p>\n","protected":false},"author":1,"featured_media":456,"comment_status":"open","ping_status":"open","sticky":false,"template":"","format":"standard","meta":{"_et_pb_use_builder":"on","_et_pb_old_content":"V minul\u00e9m \u010d\u00edsle novin jsem v\u00e1m pov\u00eddala o tom, jak se rod\u00ed obrazy z Ateli\u00e9ru s du\u0161\u00ed, aneb pro\u010d m\u00e1m na fotk\u00e1ch zav\u0159en\u00fd o\u010di. Proto\u017ee rad\u0161i maluju ne\u017e p\u00ed\u0161u,tak v\u00e1m to zkus\u00edm zase vypr\u00e1v\u011bt..\r\n\r\nTo bylo tak: \u201eJ\u00e1 maluju m\u00e1k, m\u00e1ma maluje m\u00e1k, prast\u00fdc maloval m\u00e1k.\u201c A te\u010f p\u011bkn\u011b popo\u0159\u00e1dku..\r\nJmenuju se Jarka Pape\u017eov\u00e1, maluju cel\u00fd sv\u016fj \u017eivot. Lid\u00e9 m\u011b maj\u00ed spojenou hlavn\u011b s obrazy rozevl\u00e1t\u00fdch makov\u00fdch luk, venkovsk\u00fdch kytic pln\u00fdch kopretin, chrp a VL\u010c\u00cdHO M\u00c1KU.\r\n\r\n\u017diju v Po\u0161umav\u00ed, v prosklenn\u00e9m dome\u010dku s \u010derven\u00fdmi okny ve v\u00edsce s p\u0159\u00edjemn\u00fdm n\u00e1zvem \u201eVesel\u00ed\u201c. No a v tom dome\u010dku m\u00e1m OBRAZ. M\u00e1m tam tedy spoustu obraz\u016f, ale dnes chci vyzdvihnout hlavn\u011b ten ze v\u0161ech nejd\u016fle\u017eit\u011bj\u0161\u00ed, kter\u00fd m\u00e1m nejrad\u011bji - zkr\u00e1tka ten NEJMAKOV\u011aJ\u0160\u00cd..\r\nJe to malba ve zdoben\u00e9m star\u00e9m r\u00e1mu s kulatou v\u00e1zou a velk\u00fdm pug\u00e9tem vl\u010d\u00edch m\u00e1k\u016f.\r\nN\u011bkter\u00e9 kv\u011bty jsou hlavi\u010dkou dol\u016f, a\u017e pozd\u011bji jsem pochopila pro\u010d.. Namaloval ho m\u016fj prast\u00fdc a je podeps\u00e1n v pravo dole Hodl. Je to toti\u017e typick\u00fd OBRAZ GAU\u010cOV\u00dd, jak jim s oblibou \u0159\u00edk\u00e1m a mezi m\u00fdmi z\u00e1kazn\u00edky se to rychle v\u017eilo. Takov\u00fd obraz je v\u011bt\u0161inou del\u0161\u00ed ne\u017e vy\u0161\u0161\u00ed a je na n\u011bm cosi lahodn\u00e9ho , co se d\u00e1 po\u0159\u00e1d a donekone\u010dna pozorovat. Hlavn\u011b vle\u017ee samoz\u0159ejm\u011b- no a r\u00e1zem ty sklon\u011bn\u00e9 kv\u011bty d\u00e1vaj\u00ed smysl.\r\n\r\nJak jsem ten obraz z\u00edskala, to je na del\u0161\u00ed pov\u00edd\u00e1n\u00ed.. Na to se mn\u011b zeptejte n\u011bkdy a\u017e p\u0159ijedete pro ten sv\u016fj makov\u00fd \u00falovek\u2026\r\nTak\u017ee mysl\u00edte, \u017ee to za\u010dlo v\u0161echno t\u00edm star\u00fdm makov\u00fdm obrazem? Neza\u010dalo!\r\n\r\nMaluju u\u017e od dob, co jsem udr\u017eela tu\u017eku v ruce, je to u\u017e p\u0159es 40 let, t\u00edm se chlubit nebudu..\r\nVl\u010d\u00ed m\u00e1ky jsem v\u017edy obdivovala, ty jejich zmuchlan\u00e9 \u010derven\u00e9 suk\u00fdnky vlaj\u00edc\u00ed ve v\u011btru.. Kdy\u017e jsem si tu kr\u00e1su cht\u011bla utrhnout, nedonesla jsem je nikdy dom\u016f.. Daj\u00ed se obdivovat jen tam, kde sami rostou. P\u016fsob\u00ed velmi k\u0159ehce a p\u0159esto jsou nezdoln\u00e9.. Dok\u00e1\u017eou se sami vysemenit.. a d\u011blaj\u00ed to velmi r\u00e1di.. Asi pro jejich neuchopitelnost jsem si je obl\u00edbila v\u00edce ne\u017e jin\u00e9 lu\u010dn\u00ed a poln\u00ed kv\u00edt\u00ed.\r\nU\u017e jsem jich namalovala tolik... a po\u0159\u00e1d jich nen\u00ed dost. Zejm\u00e9na letn\u00ed louky jsou velmi obl\u00edben\u00e9,\r\nnejv\u00edce ty ve velkoform\u00e1tov\u00e9. To kdy\u017e d\u00e1te nad gau\u010d \u2013 v\u0161ak u\u017e jsem to pov\u00eddala.. r\u00e1zem se ocitnete na slunn\u00e9 vo\u0148av\u00e9 louce...\r\n\r\nTe\u010f se dost\u00e1v\u00e1me k v\u011bci. Nechci dokumentovat to co u n\u00e1s roste, ale p\u0159in\u00e9st si kousek t\u00e9 vo\u0148av\u00e9 n\u00e1dhery dom\u016f.. Zachtit atmosf\u00e9ru, pom\u00edjiv\u00e9 okam\u017eiky, hru sv\u011btla, m\u00e1vnut\u00ed mot\u00fdl\u00fdch k\u0159\u00eddel..\r\nPodle posledn\u00ed mal\u00ed\u0159sk\u00e9 m\u00f3dy si m\u016f\u017eete u m\u011b poru\u010dit, zda chcete louku p\u0159ed de\u0161t\u011bm, po de\u0161ti, rann\u00ed s kapkou rosy \u2013 ty jsou samoz\u0159ejm\u011b dra\u017e\u0161\u00ed, proto\u017ee nerada vst\u00e1v\u00e1m, fialovou bou\u0159kovou s je\u0161t\u011b teplou pavu\u010dinkou up\u0159edenou na model bab\u00ed l\u00e9to. Pos\u00edl\u00e1m je p\u011bkn\u00e9 zabalen\u00e9 do d\u00e1lky. I v cizin\u011b se dob\u0159e uchytili. Dokonce pr\u00fd pan\u00ed c\u00edtila i pyl \/asi nebudou vhodn\u00e9 pro alergiky. Maluju je nejrad\u011bji venku a skute\u010dn\u011b na n\u011b n\u011bco z t\u00e9 p\u0159\u00edrody napad\u00e1. \u010casto se mi p\u0159ilepuj\u00ed na schnouc\u00ed pl\u00e1tno mal\u00e9 hloup\u00e9 mu\u0161ky..a\u017e tolik se nechaly o\u0161\u00e1lit? Romanticky p\u016fsob\u00ed ve venkovsk\u00fdch chalup\u00e1ch. Nejeden p\u0159\u00edbytek u\u017e okr\u00e1\u0161lili a pomohly tak dotvo\u0159it \u00fatuln\u00fd domov. P\u0159ece jenom jak se pov\u011bs\u00ed obraz na \u010derstv\u011b vymalovanou ze\u010f, to je \u010dlov\u011bku hned doma tak n\u011bjak veseleji. Moje m\u00e1ky se objevily d\u00edky n\u00e1vrh\u00e1\u0159ce zna\u010dky Zannia i na letn\u00edch \u0161atech, \u010dervenaly se i na \u010dokol\u00e1d\u00e1ch, na termohrnku pro kav\u00e1rnu Jednoro\u017eec, na b\u00e1snick\u00e9 sb\u00edrce. Zkr\u00e1tka plevel\u00ed se mi hezky pod rukama sami.\r\n\r\nVl\u010d\u00ed m\u00e1k ke mn\u011b prost\u011b pat\u0159\u00ed. P\u0159\u00e1tel\u00e9 mi je fot\u00ed v cizin\u011b i doma, m\u00e1m u\u017e p\u011bknou sb\u00edrku p\u0159edm\u011bt\u016f s touto t\u00e9matikou. V N\u011bmecku o m\u011b hovo\u0159ili jako o Mohnfrau \u2013 makov\u00e1 pan\u00ed.\r\n\r\nM\u00e1k se mi \u010derven\u00e1 i p\u0159ed chalupou. A\u017e pojedete kolem, schv\u00e1ln\u011b se pod\u00edvejte. A m\u00edsto v\u00fdv\u011bsn\u00edho \u0161t\u00edtu se houpe velk\u00e1 mal\u00ed\u0159sk\u00e1 paleta s n\u00e1pisem ATELI\u00c9R S DU\u0160\u00cd . Nebojte se, jestli bude cht\u00edt namalovat n\u011bco jin\u00e9ho, ne\u017e kv\u011btiny a vl\u010d\u00ed m\u00e1k, nevyprovod\u00edm v\u00e1s. R\u00e1da zachyt\u00edm v\u0161echno co m\u00e1 v sob\u011b kouzlo a poezii. Obl\u00edben\u00e9 jsou nap\u0159\u00edklad moje novinky s ply\u0161ov\u00fdmi medv\u00eddkami na pl\u00e1tn\u011b. N\u011bkdo zase tvrd\u00ed, \u017ee bych m\u011bla zaru\u010den\u011b malovat jenom architekturu,proto\u017ee ta mi jde nejv\u00edc. Siln\u00fd dojem zanech\u00e1vaj\u00ed i duchovn\u00ed t\u00e9mta a madonny, nebo kdy\u017e m\u011b p\u0159epadne nutnk\u00e1n\u00ed vykouzlit kouzeln\u00e9ho sk\u0159\u00edtka \u2013 r\u00e1zem se stane mil\u00e1\u010dkem cel\u00e9 rodiny..No schv\u00e1ln\u011b, co byste cht\u011bli namalovat vy?\r\n\r\nTak\u017ee p\u0159\u00e1tele, jak prav\u00ed klasik - n\u011bkdo je takov\u00fd, a n\u011bkdo je MAKOV\u00dd a a\u017e v\u00e1m zk\u0159\u00ed\u017e\u00ed cestu vl\u010d\u00ed m\u00e1k, vzpomenete si na mn\u011b?\r\n\r\nR\u00e1da v\u00e1s potk\u00e1m na r\u016fzn\u00fdch akc\u00edch a v\u00fdstav\u00e1ch, kde se vyskytuji se sv\u00fdm barevn\u00fdm sv\u011btem.\r\nSledujte m\u016fj <a href=\"https:\/\/www.facebook.com\/profile.php?id=100063527202935\" target=\"_blank\" rel=\"noopener\">FB Jarka Pape\u017eov\u00e1 Ateli\u00e9r s du\u0161\u00ed<\/a> a neunikde v\u00e1m ani mal\u00ed\u0159sk\u00e1 my\u0161.","_et_gb_content_width":"","footnotes":""},"categories":[11],"tags":[],"class_list":["post-455","post","type-post","status-publish","format-standard","has-post-thumbnail","hentry","category-pisu"],"yoast_head":"<!-- This site is optimized with the Yoast SEO plugin v27.1.1 - https:\/\/yoast.com\/product\/yoast-seo-wordpress\/ -->\n<title>OBRAZ GAU\u010cOV\u00dd aneb co m\u00e1m furt s t\u00edm vl\u010d\u00edm m\u00e1kem - Ateli\u00e9r s du\u0161\u00ed<\/title>\n<meta name=\"robots\" content=\"index, follow, max-snippet:-1, max-image-preview:large, max-video-preview:-1\" \/>\n<link rel=\"canonical\" href=\"https:\/\/ateliersdusi.cz\/de\/2024\/12\/03\/obraz-gaucovy-aneb-co-mam-furt-s-tim-vlcim-makem\/\" \/>\n<meta property=\"og:locale\" content=\"de_DE\" \/>\n<meta property=\"og:type\" content=\"article\" \/>\n<meta property=\"og:title\" content=\"OBRAZ GAU\u010cOV\u00dd aneb co m\u00e1m furt s t\u00edm vl\u010d\u00edm m\u00e1kem - Ateli\u00e9r s du\u0161\u00ed\" \/>\n<meta property=\"og:description\" content=\"V minul\u00e9m \u010d\u00edsle novin jsem v\u00e1m pov\u00eddala o tom, jak se rod\u00ed obrazy z Ateli\u00e9ru s du\u0161\u00ed, aneb pro\u010d m\u00e1m na fotk\u00e1ch zav\u0159en\u00fd o\u010di. Proto\u017ee rad\u0161i maluju ne\u017e p\u00ed\u0161u,tak v\u00e1m to zkus\u00edm zase vypr\u00e1v\u011bt. To bylo tak: \u201eJ\u00e1 maluju m\u00e1k, m\u00e1ma maluje m\u00e1k, prast\u00fdc maloval m\u00e1k.\u201c A te\u010f p\u011bkn\u011b popo\u0159\u00e1dku.\u00a0 Jmenuju se Jarka Pape\u017eov\u00e1, maluju [&hellip;]\" \/>\n<meta property=\"og:url\" content=\"https:\/\/ateliersdusi.cz\/de\/2024\/12\/03\/obraz-gaucovy-aneb-co-mam-furt-s-tim-vlcim-makem\/\" \/>\n<meta property=\"og:site_name\" content=\"Ateli\u00e9r s du\u0161\u00ed\" \/>\n<meta property=\"article:published_time\" content=\"2024-12-03T18:24:41+00:00\" \/>\n<meta property=\"article:modified_time\" content=\"2025-05-12T12:32:50+00:00\" \/>\n<meta property=\"og:image\" content=\"https:\/\/ateliersdusi.cz\/wp-content\/uploads\/2025\/04\/ATELIER-S-DUSI-Jarka-Papezova-01.jpg\" \/>\n\t<meta property=\"og:image:width\" content=\"1200\" \/>\n\t<meta property=\"og:image:height\" content=\"800\" \/>\n\t<meta property=\"og:image:type\" content=\"image\/jpeg\" \/>\n<meta name=\"author\" content=\"zuzka\" \/>\n<meta name=\"twitter:card\" content=\"summary_large_image\" \/>\n<meta name=\"twitter:label1\" content=\"Verfasst von\" \/>\n\t<meta name=\"twitter:data1\" content=\"zuzka\" \/>\n\t<meta name=\"twitter:label2\" content=\"Gesch\u00e4tzte Lesezeit\" \/>\n\t<meta name=\"twitter:data2\" content=\"5\u00a0Minuten\" \/>\n<script type=\"application\/ld+json\" class=\"yoast-schema-graph\">{\"@context\":\"https:\/\/schema.org\",\"@graph\":[{\"@type\":\"Article\",\"@id\":\"https:\/\/ateliersdusi.cz\/2024\/12\/03\/obraz-gaucovy-aneb-co-mam-furt-s-tim-vlcim-makem\/#article\",\"isPartOf\":{\"@id\":\"https:\/\/ateliersdusi.cz\/2024\/12\/03\/obraz-gaucovy-aneb-co-mam-furt-s-tim-vlcim-makem\/\"},\"author\":{\"name\":\"zuzka\",\"@id\":\"https:\/\/ateliersdusi.cz\/#\/schema\/person\/126ebf55255db51dc29b74a7d27e5234\"},\"headline\":\"OBRAZ GAU\u010cOV\u00dd aneb co m\u00e1m furt s t\u00edm vl\u010d\u00edm m\u00e1kem\",\"datePublished\":\"2024-12-03T18:24:41+00:00\",\"dateModified\":\"2025-05-12T12:32:50+00:00\",\"mainEntityOfPage\":{\"@id\":\"https:\/\/ateliersdusi.cz\/2024\/12\/03\/obraz-gaucovy-aneb-co-mam-furt-s-tim-vlcim-makem\/\"},\"wordCount\":1096,\"commentCount\":0,\"image\":{\"@id\":\"https:\/\/ateliersdusi.cz\/2024\/12\/03\/obraz-gaucovy-aneb-co-mam-furt-s-tim-vlcim-makem\/#primaryimage\"},\"thumbnailUrl\":\"https:\/\/ateliersdusi.cz\/wp-content\/uploads\/2025\/04\/ATELIER-S-DUSI-Jarka-Papezova-01.jpg\",\"articleSection\":[\"P\u00ed\u0161u\"],\"inLanguage\":\"de\"},{\"@type\":\"WebPage\",\"@id\":\"https:\/\/ateliersdusi.cz\/2024\/12\/03\/obraz-gaucovy-aneb-co-mam-furt-s-tim-vlcim-makem\/\",\"url\":\"https:\/\/ateliersdusi.cz\/2024\/12\/03\/obraz-gaucovy-aneb-co-mam-furt-s-tim-vlcim-makem\/\",\"name\":\"OBRAZ GAU\u010cOV\u00dd aneb co m\u00e1m furt s t\u00edm vl\u010d\u00edm m\u00e1kem - Ateli\u00e9r s du\u0161\u00ed\",\"isPartOf\":{\"@id\":\"https:\/\/ateliersdusi.cz\/#website\"},\"primaryImageOfPage\":{\"@id\":\"https:\/\/ateliersdusi.cz\/2024\/12\/03\/obraz-gaucovy-aneb-co-mam-furt-s-tim-vlcim-makem\/#primaryimage\"},\"image\":{\"@id\":\"https:\/\/ateliersdusi.cz\/2024\/12\/03\/obraz-gaucovy-aneb-co-mam-furt-s-tim-vlcim-makem\/#primaryimage\"},\"thumbnailUrl\":\"https:\/\/ateliersdusi.cz\/wp-content\/uploads\/2025\/04\/ATELIER-S-DUSI-Jarka-Papezova-01.jpg\",\"datePublished\":\"2024-12-03T18:24:41+00:00\",\"dateModified\":\"2025-05-12T12:32:50+00:00\",\"author\":{\"@id\":\"https:\/\/ateliersdusi.cz\/#\/schema\/person\/126ebf55255db51dc29b74a7d27e5234\"},\"breadcrumb\":{\"@id\":\"https:\/\/ateliersdusi.cz\/2024\/12\/03\/obraz-gaucovy-aneb-co-mam-furt-s-tim-vlcim-makem\/#breadcrumb\"},\"inLanguage\":\"de\",\"potentialAction\":[{\"@type\":\"ReadAction\",\"target\":[\"https:\/\/ateliersdusi.cz\/2024\/12\/03\/obraz-gaucovy-aneb-co-mam-furt-s-tim-vlcim-makem\/\"]}]},{\"@type\":\"ImageObject\",\"inLanguage\":\"de\",\"@id\":\"https:\/\/ateliersdusi.cz\/2024\/12\/03\/obraz-gaucovy-aneb-co-mam-furt-s-tim-vlcim-makem\/#primaryimage\",\"url\":\"https:\/\/ateliersdusi.cz\/wp-content\/uploads\/2025\/04\/ATELIER-S-DUSI-Jarka-Papezova-01.jpg\",\"contentUrl\":\"https:\/\/ateliersdusi.cz\/wp-content\/uploads\/2025\/04\/ATELIER-S-DUSI-Jarka-Papezova-01.jpg\",\"width\":1200,\"height\":800},{\"@type\":\"BreadcrumbList\",\"@id\":\"https:\/\/ateliersdusi.cz\/2024\/12\/03\/obraz-gaucovy-aneb-co-mam-furt-s-tim-vlcim-makem\/#breadcrumb\",\"itemListElement\":[{\"@type\":\"ListItem\",\"position\":1,\"name\":\"Dom\u016f\",\"item\":\"https:\/\/ateliersdusi.cz\/\"},{\"@type\":\"ListItem\",\"position\":2,\"name\":\"OBRAZ GAU\u010cOV\u00dd aneb co m\u00e1m furt s t\u00edm vl\u010d\u00edm m\u00e1kem\"}]},{\"@type\":\"WebSite\",\"@id\":\"https:\/\/ateliersdusi.cz\/#website\",\"url\":\"https:\/\/ateliersdusi.cz\/\",\"name\":\"Ateli\u00e9r s du\u0161\u00ed\",\"description\":\"Jarka Pape\u017eov\u00e1 - mal\u00ed\u0159ka\",\"potentialAction\":[{\"@type\":\"SearchAction\",\"target\":{\"@type\":\"EntryPoint\",\"urlTemplate\":\"https:\/\/ateliersdusi.cz\/?s={search_term_string}\"},\"query-input\":{\"@type\":\"PropertyValueSpecification\",\"valueRequired\":true,\"valueName\":\"search_term_string\"}}],\"inLanguage\":\"de\"},{\"@type\":\"Person\",\"@id\":\"https:\/\/ateliersdusi.cz\/#\/schema\/person\/126ebf55255db51dc29b74a7d27e5234\",\"name\":\"zuzka\",\"image\":{\"@type\":\"ImageObject\",\"inLanguage\":\"de\",\"@id\":\"https:\/\/ateliersdusi.cz\/#\/schema\/person\/image\/\",\"url\":\"https:\/\/secure.gravatar.com\/avatar\/ae4c2dc2e559223f0d956dadb07bad557a339fb6013d7e993d1916f979137d46?s=96&d=mm&r=g\",\"contentUrl\":\"https:\/\/secure.gravatar.com\/avatar\/ae4c2dc2e559223f0d956dadb07bad557a339fb6013d7e993d1916f979137d46?s=96&d=mm&r=g\",\"caption\":\"zuzka\"},\"sameAs\":[\"http:\/\/ateliersdusi.cz\"],\"url\":\"https:\/\/ateliersdusi.cz\/de\/author\/zuzka\/\"}]}<\/script>\n<!-- \/ Yoast SEO plugin. -->","yoast_head_json":{"title":"OBRAZ GAU\u010cOV\u00dd aneb co m\u00e1m furt s t\u00edm vl\u010d\u00edm m\u00e1kem - Ateli\u00e9r s du\u0161\u00ed","robots":{"index":"index","follow":"follow","max-snippet":"max-snippet:-1","max-image-preview":"max-image-preview:large","max-video-preview":"max-video-preview:-1"},"canonical":"https:\/\/ateliersdusi.cz\/de\/2024\/12\/03\/obraz-gaucovy-aneb-co-mam-furt-s-tim-vlcim-makem\/","og_locale":"de_DE","og_type":"article","og_title":"OBRAZ GAU\u010cOV\u00dd aneb co m\u00e1m furt s t\u00edm vl\u010d\u00edm m\u00e1kem - Ateli\u00e9r s du\u0161\u00ed","og_description":"V minul\u00e9m \u010d\u00edsle novin jsem v\u00e1m pov\u00eddala o tom, jak se rod\u00ed obrazy z Ateli\u00e9ru s du\u0161\u00ed, aneb pro\u010d m\u00e1m na fotk\u00e1ch zav\u0159en\u00fd o\u010di. Proto\u017ee rad\u0161i maluju ne\u017e p\u00ed\u0161u,tak v\u00e1m to zkus\u00edm zase vypr\u00e1v\u011bt. To bylo tak: \u201eJ\u00e1 maluju m\u00e1k, m\u00e1ma maluje m\u00e1k, prast\u00fdc maloval m\u00e1k.\u201c A te\u010f p\u011bkn\u011b popo\u0159\u00e1dku.\u00a0 Jmenuju se Jarka Pape\u017eov\u00e1, maluju [&hellip;]","og_url":"https:\/\/ateliersdusi.cz\/de\/2024\/12\/03\/obraz-gaucovy-aneb-co-mam-furt-s-tim-vlcim-makem\/","og_site_name":"Ateli\u00e9r s du\u0161\u00ed","article_published_time":"2024-12-03T18:24:41+00:00","article_modified_time":"2025-05-12T12:32:50+00:00","og_image":[{"width":1200,"height":800,"url":"https:\/\/ateliersdusi.cz\/wp-content\/uploads\/2025\/04\/ATELIER-S-DUSI-Jarka-Papezova-01.jpg","type":"image\/jpeg"}],"author":"zuzka","twitter_card":"summary_large_image","twitter_misc":{"Verfasst von":"zuzka","Gesch\u00e4tzte Lesezeit":"5\u00a0Minuten"},"schema":{"@context":"https:\/\/schema.org","@graph":[{"@type":"Article","@id":"https:\/\/ateliersdusi.cz\/2024\/12\/03\/obraz-gaucovy-aneb-co-mam-furt-s-tim-vlcim-makem\/#article","isPartOf":{"@id":"https:\/\/ateliersdusi.cz\/2024\/12\/03\/obraz-gaucovy-aneb-co-mam-furt-s-tim-vlcim-makem\/"},"author":{"name":"zuzka","@id":"https:\/\/ateliersdusi.cz\/#\/schema\/person\/126ebf55255db51dc29b74a7d27e5234"},"headline":"OBRAZ GAU\u010cOV\u00dd aneb co m\u00e1m furt s t\u00edm vl\u010d\u00edm m\u00e1kem","datePublished":"2024-12-03T18:24:41+00:00","dateModified":"2025-05-12T12:32:50+00:00","mainEntityOfPage":{"@id":"https:\/\/ateliersdusi.cz\/2024\/12\/03\/obraz-gaucovy-aneb-co-mam-furt-s-tim-vlcim-makem\/"},"wordCount":1096,"commentCount":0,"image":{"@id":"https:\/\/ateliersdusi.cz\/2024\/12\/03\/obraz-gaucovy-aneb-co-mam-furt-s-tim-vlcim-makem\/#primaryimage"},"thumbnailUrl":"https:\/\/ateliersdusi.cz\/wp-content\/uploads\/2025\/04\/ATELIER-S-DUSI-Jarka-Papezova-01.jpg","articleSection":["P\u00ed\u0161u"],"inLanguage":"de"},{"@type":"WebPage","@id":"https:\/\/ateliersdusi.cz\/2024\/12\/03\/obraz-gaucovy-aneb-co-mam-furt-s-tim-vlcim-makem\/","url":"https:\/\/ateliersdusi.cz\/2024\/12\/03\/obraz-gaucovy-aneb-co-mam-furt-s-tim-vlcim-makem\/","name":"OBRAZ GAU\u010cOV\u00dd aneb co m\u00e1m furt s t\u00edm vl\u010d\u00edm m\u00e1kem - Ateli\u00e9r s du\u0161\u00ed","isPartOf":{"@id":"https:\/\/ateliersdusi.cz\/#website"},"primaryImageOfPage":{"@id":"https:\/\/ateliersdusi.cz\/2024\/12\/03\/obraz-gaucovy-aneb-co-mam-furt-s-tim-vlcim-makem\/#primaryimage"},"image":{"@id":"https:\/\/ateliersdusi.cz\/2024\/12\/03\/obraz-gaucovy-aneb-co-mam-furt-s-tim-vlcim-makem\/#primaryimage"},"thumbnailUrl":"https:\/\/ateliersdusi.cz\/wp-content\/uploads\/2025\/04\/ATELIER-S-DUSI-Jarka-Papezova-01.jpg","datePublished":"2024-12-03T18:24:41+00:00","dateModified":"2025-05-12T12:32:50+00:00","author":{"@id":"https:\/\/ateliersdusi.cz\/#\/schema\/person\/126ebf55255db51dc29b74a7d27e5234"},"breadcrumb":{"@id":"https:\/\/ateliersdusi.cz\/2024\/12\/03\/obraz-gaucovy-aneb-co-mam-furt-s-tim-vlcim-makem\/#breadcrumb"},"inLanguage":"de","potentialAction":[{"@type":"ReadAction","target":["https:\/\/ateliersdusi.cz\/2024\/12\/03\/obraz-gaucovy-aneb-co-mam-furt-s-tim-vlcim-makem\/"]}]},{"@type":"ImageObject","inLanguage":"de","@id":"https:\/\/ateliersdusi.cz\/2024\/12\/03\/obraz-gaucovy-aneb-co-mam-furt-s-tim-vlcim-makem\/#primaryimage","url":"https:\/\/ateliersdusi.cz\/wp-content\/uploads\/2025\/04\/ATELIER-S-DUSI-Jarka-Papezova-01.jpg","contentUrl":"https:\/\/ateliersdusi.cz\/wp-content\/uploads\/2025\/04\/ATELIER-S-DUSI-Jarka-Papezova-01.jpg","width":1200,"height":800},{"@type":"BreadcrumbList","@id":"https:\/\/ateliersdusi.cz\/2024\/12\/03\/obraz-gaucovy-aneb-co-mam-furt-s-tim-vlcim-makem\/#breadcrumb","itemListElement":[{"@type":"ListItem","position":1,"name":"Dom\u016f","item":"https:\/\/ateliersdusi.cz\/"},{"@type":"ListItem","position":2,"name":"OBRAZ GAU\u010cOV\u00dd aneb co m\u00e1m furt s t\u00edm vl\u010d\u00edm m\u00e1kem"}]},{"@type":"WebSite","@id":"https:\/\/ateliersdusi.cz\/#website","url":"https:\/\/ateliersdusi.cz\/","name":"Atelier mit Seele","description":"Jarka Pape\u017eov\u00e1 - mal\u00ed\u0159ka","potentialAction":[{"@type":"SearchAction","target":{"@type":"EntryPoint","urlTemplate":"https:\/\/ateliersdusi.cz\/?s={search_term_string}"},"query-input":{"@type":"PropertyValueSpecification","valueRequired":true,"valueName":"search_term_string"}}],"inLanguage":"de"},{"@type":"Person","@id":"https:\/\/ateliersdusi.cz\/#\/schema\/person\/126ebf55255db51dc29b74a7d27e5234","name":"zuzka","image":{"@type":"ImageObject","inLanguage":"de","@id":"https:\/\/ateliersdusi.cz\/#\/schema\/person\/image\/","url":"https:\/\/secure.gravatar.com\/avatar\/ae4c2dc2e559223f0d956dadb07bad557a339fb6013d7e993d1916f979137d46?s=96&d=mm&r=g","contentUrl":"https:\/\/secure.gravatar.com\/avatar\/ae4c2dc2e559223f0d956dadb07bad557a339fb6013d7e993d1916f979137d46?s=96&d=mm&r=g","caption":"zuzka"},"sameAs":["http:\/\/ateliersdusi.cz"],"url":"https:\/\/ateliersdusi.cz\/de\/author\/zuzka\/"}]}},"_links":{"self":[{"href":"https:\/\/ateliersdusi.cz\/de\/wp-json\/wp\/v2\/posts\/455","targetHints":{"allow":["GET"]}}],"collection":[{"href":"https:\/\/ateliersdusi.cz\/de\/wp-json\/wp\/v2\/posts"}],"about":[{"href":"https:\/\/ateliersdusi.cz\/de\/wp-json\/wp\/v2\/types\/post"}],"author":[{"embeddable":true,"href":"https:\/\/ateliersdusi.cz\/de\/wp-json\/wp\/v2\/users\/1"}],"replies":[{"embeddable":true,"href":"https:\/\/ateliersdusi.cz\/de\/wp-json\/wp\/v2\/comments?post=455"}],"version-history":[{"count":6,"href":"https:\/\/ateliersdusi.cz\/de\/wp-json\/wp\/v2\/posts\/455\/revisions"}],"predecessor-version":[{"id":728,"href":"https:\/\/ateliersdusi.cz\/de\/wp-json\/wp\/v2\/posts\/455\/revisions\/728"}],"wp:featuredmedia":[{"embeddable":true,"href":"https:\/\/ateliersdusi.cz\/de\/wp-json\/wp\/v2\/media\/456"}],"wp:attachment":[{"href":"https:\/\/ateliersdusi.cz\/de\/wp-json\/wp\/v2\/media?parent=455"}],"wp:term":[{"taxonomy":"category","embeddable":true,"href":"https:\/\/ateliersdusi.cz\/de\/wp-json\/wp\/v2\/categories?post=455"},{"taxonomy":"post_tag","embeddable":true,"href":"https:\/\/ateliersdusi.cz\/de\/wp-json\/wp\/v2\/tags?post=455"}],"curies":[{"name":"wp","href":"https:\/\/api.w.org\/{rel}","templated":true}]}}