{"id":466,"date":"2024-09-16T19:40:25","date_gmt":"2024-09-16T17:40:25","guid":{"rendered":"https:\/\/ateliersdusi.cz\/?p=466"},"modified":"2025-05-12T14:33:02","modified_gmt":"2025-05-12T12:33:02","slug":"k-cemu-jsou-obrazy-aneb-jak-se-chyta-leto","status":"publish","type":"post","link":"https:\/\/ateliersdusi.cz\/de\/2024\/09\/16\/k-cemu-jsou-obrazy-aneb-jak-se-chyta-leto\/","title":{"rendered":"WOF\u00dcR SIND BILDER gut oder wie man den Sommer einf\u00e4ngt"},"content":{"rendered":"<p>[et_pb_section fb_built=&#8220;1&#8243; _builder_version=&#8220;4.16&#8243; global_colors_info=&#8220;{}&#8220;][et_pb_row _builder_version=&#8220;4.16&#8243; background_size=&#8220;initial&#8220; background_position=&#8220;top_left&#8220; background_repeat=&#8220;repeat&#8220; global_colors_info=&#8220;{}&#8220;][et_pb_column type=&#8220;4_4&#8243; _builder_version=&#8220;4.16&#8243; custom_padding=&#8220;|||&#8220; global_colors_info=&#8220;{}&#8220; custom_padding__hover=&#8220;|||&#8220;][et_pb_text _builder_version=&#8220;4.27.4&#8243; background_size=&#8220;initial&#8220; background_position=&#8220;top_left&#8220; background_repeat=&#8220;repeat&#8220; hover_enabled=&#8220;0&#8243; global_colors_info=&#8220;{}&#8220; sticky_enabled=&#8220;0&#8243;]<\/p>\n<p>Dal\u0161\u00ed p\u0159\u00edb\u011bh z ATELI\u00c9RU S DU\u0160\u00cd na t\u00e9ma<br \/>k \u010demu jsou obrazy a jestli po nich m\u016f\u017ee n\u011bkdo k\u00fdchat<\/p>\n<p>V\u00e1\u017een\u00fd \u010dten\u00e1\u0159i, v\u00edte, \u017ee tvo\u0159\u00edm cel\u00fd sv\u016fj \u017eivot. V minul\u00fdch \u010d\u00edslech novin jsem psala pro\u010d po\u0159\u00e1d maluju vl\u010d\u00ed m\u00e1ky, a\u017e jsem si vyslou\u017eila p\u0159ezd\u00edvku \u201e Makov\u00e1 panenka\u201c.\u00a0Ale vlastn\u011b jsem se nikdy moc nezab\u00fdvala t\u00edm pov\u011bstn\u00fdm \u201ej\u00e1drem pudla\u201c to jest pro\u010d maluju. P\u0159i\u0161lo mi to samoz\u0159ejm\u00e9, kdy\u017e u n\u00e1s byly barvy na stole po\u0159\u00e1d. Nebyl d\u016fvod se zam\u00fd\u0161let.<br \/>A\u017e ned\u00e1vno. Do Ateli\u00e9ru s du\u0161\u00ed p\u0159ijela na tvo\u0159ivou n\u00e1v\u0161t\u011bvu hol\u010di\u010dka s maminkou. A j\u00e1 jsem z \u010dista jasna dostala ot\u00e1zku \u201cPro\u010d v\u016fbec maluje\u0161, a na co jsou vlastn\u011b obrazy? \u201c Odpove\u010f, kterou jsem dala p\u011btilet\u00e9 S\u00e1\u0159e, \u0159eknu i v\u00e1m, mil\u00ed \u010dten\u00e1\u0159i.<br \/>Na \u00favod mus\u00edm popravd\u011b \u0159\u00edci, \u017ee jsem se zarazila. Ot\u00e1zka byla \u00fapln\u011b jin\u00e1, ne\u017e v\u0161echny doposud. V\u011bt\u0161inou se m\u011b pt\u00e1te \u010d\u00edm maluju, nebo jak dlouho si d\u011blala tenhle obraz? \/tuhle ot\u00e1zku m\u00e1m se v\u0161ech nejm\u00ed\u0148 r\u00e1da\/ Ale na samotnou podstatu se nezeptal je\u0161t\u011b nikdo.<br \/>Obraz je pro m\u011b vlastn\u011b z\u00e1sob\u00e1rna energie, jako chutn\u00e1 zava\u0159enina v kompotu.<br \/>Tak\u00e9 je v\u00e1m l\u00edto, \u017ee l\u00e9to skon\u010dilo? Milujete v\u016fni letn\u00ed louky, cvrkot hmyzu a v\u00edtr v z\u00e1dech? Proto u\u017e jako mal\u00e1 jsem p\u0159em\u00fd\u0161lela, jak si zakonzervovat kousek l\u00e9ta a v zim\u011b ho m\u00edt po ruce. Jak tu n\u00e1dheru p\u0159en\u00e9st dom\u016f, schovat si ji nejl\u00e9pe do kuf\u0159\u00edku \u010di do sklenice. U\u017e jsme vyzkou\u0161ely, jak jsou smutn\u00e9 natrhan\u00e9 kv\u011btiny z louky, kter\u00e9 v\u00e1ze nedo\u017eij\u00ed r\u00e1na. Tak jsem nosila dom\u016f r\u016fzn\u00e9 talismany z nalezen\u00fdch kam\u00ednk\u016f z \u0159ek, z pe\u0159\u00ed\u010dek, prost\u011b z toho co jsem v l\u00e9t\u011b potkala na toulk\u00e1ch p\u0159\u00edrodou. Cht\u011bla jsem sestavit n\u011bjak\u00fd \u017eivej\u0161\u00ed obraz, OBRAZ L\u00c9TA.<br \/>Tak\u00e9 jsem pozorovala a ur\u010dovala druhy kv\u011btin, travin a hmyzu.V\u0161echny v\u00fdpravy do p\u0159\u00edrody jsem si pe\u010dliv\u011b uchov\u00e1vala v pam\u011bti .<br \/>Bylo tedy snadn\u00e9 si je pozd\u011bji vybavit a \u201ehodit\u201c na pl\u00e1tno. Zachytit atmosf\u00e9ru, to je st\u011b\u017eejn\u00ed. \u010casto maluji p\u0159\u00edmo venku, pod stromem. U\u017e b\u011bhem barevn\u00e9ho procesu , se nechaj\u00ed o\u0161\u00e1lit mal\u00e9 mu\u0161ky a hmyz, kter\u00e9 si zv\u011bdav\u011b sedaj\u00ed na pl\u00e1tno. A n\u011bkdy tam, ke sv\u00e9 sm\u016fle, i z\u016fstanou . Kdy\u017e si ke mn\u011b p\u0159ijedou n\u00e1v\u0161t\u011bvn\u00edci pro obraz, sl\u00fdch\u00e1v\u00e1m :\u201e \u00dapln\u011b c\u00edt\u00edm tu v\u016fni \u201e nebo \u201e J\u00e1 snad vid\u00edm i ten hmyz\u201c .. \/Sm\u011bju se\/.. J\u00e1 vlastn\u011b chyt\u00e1m l\u00e9to na pl\u00e1tno. T\u011b\u0161\u00ed m\u011b, kdy\u017e m\u016f\u017ee proh\u0159\u00e1vat domovy. V\u011bt\u0161inou si z\u00e1kazn\u00edci nepo\u0159izuj\u00ed obraz pro to, aby v\u011bd\u011bli jak vypad\u00e1 pole modr\u00fdch chrp s \u010derven\u00fdm m\u00e1kem, nebo jak vypadaj\u00ed kopretiny a r\u016f\u017eov\u00fd lychnis \/kohoutek jsme mu doma \u0159\u00edkali\/. Ale jako takovou z\u00e1sob\u00e1rnu energie a tepla, kter\u00e9 h\u0159eje i v zim\u011b..<br \/>Oslovila m\u011b onehy star\u0161\u00ed pan\u00ed. Pr\u00fd u\u017e dlouho pokukuje po obrazu, kter\u00fd by j\u00ed p\u0159ipom\u00ednal bezstarostn\u00e9 l\u00e9to a ml\u00e1d\u00ed, jak b\u011bhala za humna\u2026 V Ateli\u00e9ru si vybrala m\u016fj nejprod\u00e1van\u011bj\u0161\u00ed obraz&#8230; OBRAZ GAU\u010cOV\u00dd&#8230; \/o tom u\u017e jste tak\u00e9 sly\u0161eli\/ Pan\u00ed jsme obraz dovezli, m\u016fj mu\u017e j\u00ed ho i p\u0159ipevnil ke zdi.<br \/>V tu r\u00e1nu se mali\u010dk\u00e1 m\u00edstnost v garsonce pov\u00fd\u0161ila na cosi vzne\u0161enej\u0161\u00edho. Nad pohovkou, kter\u00e1 v noci slou\u017e\u00ed jako postel a p\u0159es den jako gau\u010d, vyrostla kv\u011btnat\u00e1 louka m\u00e1vnut\u00edm kouzeln\u00e9ho proutku. Po chvilk\u00e1ch radosti jsme se rozlou\u010dili.<\/p>\n<p>Zanedlouho jsem pan\u00ed potkala, pov\u00eddaly jsme si. \u0158ekla mi, \u017ee mus\u00ed obraz sundavat ve\u010der a d\u00e1vat ho na chodbu. Nech\u00e1pala jsem. \u201eJe n\u011bco v nepo\u0159\u00e1dku?\u201c \u201eNe, ne, obraz je kr\u00e1sn\u00fd, ale m\u00e1m na n\u011bj asi alergii. Kdy\u017e se na n\u011bj d\u00edv\u00e1m, chce se mi pak k\u00fdchat.\u201c Vr\u00e1tit ho ale necht\u011bla. Pr\u00fd se to podd\u00e1.<\/p>\n<p>Ale abyste si nemysleli, \u017ee zimu nev\u00edt\u00e1m. To ne. P\u0159\u00edroda si pot\u0159ebuje odpo\u010dinout.<br \/>Pane\u010dku, takov\u00fd sn\u00edh, ten m\u00e1 odlesky. M\u011bjte hezkou zimu, a a\u017e napadne prvn\u00ed sn\u011bhov\u00e1 nad\u00edlka, pod\u00edvejte se ve\u010der, jakou m\u00e1 barvu.<\/p>\n<p>Aktu\u00e1ln\u00ed v\u00fdstavy a akce sledujte na <a href=\"https:\/\/www.facebook.com\/profile.php?id=100063527202935\" target=\"_blank\" rel=\"noopener\">FB Jarka Pape\u017eov\u00e1<\/a>, po telefonick\u00e9 dohod\u011b \u010cAJ A OBRAZY S DU\u0160\u00cd V ATELI\u00c9RU KDYKOLIV<br \/>Jarka Pape\u017eov\u00e1, Ateli\u00e9r s du\u0161\u00ed<\/p>\n<p>[\/et_pb_text][\/et_pb_column][\/et_pb_row][\/et_pb_section]<\/p>\n","protected":false},"excerpt":{"rendered":"<p>Dal\u0161\u00ed p\u0159\u00edb\u011bh z ATELI\u00c9RU S DU\u0160\u00cd na t\u00e9mak \u010demu jsou obrazy a jestli po nich m\u016f\u017ee n\u011bkdo k\u00fdchat V\u00e1\u017een\u00fd \u010dten\u00e1\u0159i, v\u00edte, \u017ee tvo\u0159\u00edm cel\u00fd sv\u016fj \u017eivot. V minul\u00fdch \u010d\u00edslech novin jsem psala pro\u010d po\u0159\u00e1d maluju vl\u010d\u00ed m\u00e1ky, a\u017e jsem si vyslou\u017eila p\u0159ezd\u00edvku \u201e Makov\u00e1 panenka\u201c.\u00a0Ale vlastn\u011b jsem se nikdy moc nezab\u00fdvala t\u00edm pov\u011bstn\u00fdm \u201ej\u00e1drem pudla\u201c [&hellip;]<\/p>\n","protected":false},"author":1,"featured_media":469,"comment_status":"open","ping_status":"open","sticky":false,"template":"","format":"standard","meta":{"_et_pb_use_builder":"on","_et_pb_old_content":"","_et_gb_content_width":"","footnotes":""},"categories":[11],"tags":[],"class_list":["post-466","post","type-post","status-publish","format-standard","has-post-thumbnail","hentry","category-pisu"],"yoast_head":"<!-- This site is optimized with the Yoast SEO plugin v27.1.1 - https:\/\/yoast.com\/product\/yoast-seo-wordpress\/ -->\n<title>K \u010cEMU JSOU OBRAZY aneb jak se chyt\u00e1 l\u00e9to - Ateli\u00e9r s du\u0161\u00ed<\/title>\n<meta name=\"robots\" content=\"index, follow, max-snippet:-1, max-image-preview:large, max-video-preview:-1\" \/>\n<link rel=\"canonical\" href=\"https:\/\/ateliersdusi.cz\/de\/2024\/09\/16\/k-cemu-jsou-obrazy-aneb-jak-se-chyta-leto\/\" \/>\n<meta property=\"og:locale\" content=\"de_DE\" \/>\n<meta property=\"og:type\" content=\"article\" \/>\n<meta property=\"og:title\" content=\"K \u010cEMU JSOU OBRAZY aneb jak se chyt\u00e1 l\u00e9to - Ateli\u00e9r s du\u0161\u00ed\" \/>\n<meta property=\"og:description\" content=\"Dal\u0161\u00ed p\u0159\u00edb\u011bh z ATELI\u00c9RU S DU\u0160\u00cd na t\u00e9mak \u010demu jsou obrazy a jestli po nich m\u016f\u017ee n\u011bkdo k\u00fdchat V\u00e1\u017een\u00fd \u010dten\u00e1\u0159i, v\u00edte, \u017ee tvo\u0159\u00edm cel\u00fd sv\u016fj \u017eivot. V minul\u00fdch \u010d\u00edslech novin jsem psala pro\u010d po\u0159\u00e1d maluju vl\u010d\u00ed m\u00e1ky, a\u017e jsem si vyslou\u017eila p\u0159ezd\u00edvku \u201e Makov\u00e1 panenka\u201c.\u00a0Ale vlastn\u011b jsem se nikdy moc nezab\u00fdvala t\u00edm pov\u011bstn\u00fdm \u201ej\u00e1drem pudla\u201c [&hellip;]\" \/>\n<meta property=\"og:url\" content=\"https:\/\/ateliersdusi.cz\/de\/2024\/09\/16\/k-cemu-jsou-obrazy-aneb-jak-se-chyta-leto\/\" \/>\n<meta property=\"og:site_name\" content=\"Ateli\u00e9r s du\u0161\u00ed\" \/>\n<meta property=\"article:published_time\" content=\"2024-09-16T17:40:25+00:00\" \/>\n<meta property=\"article:modified_time\" content=\"2025-05-12T12:33:02+00:00\" \/>\n<meta property=\"og:image\" content=\"https:\/\/ateliersdusi.cz\/wp-content\/uploads\/2025\/04\/ATELIER-S-DUSI-Jarka-Papezova-02-rotated.jpg\" \/>\n\t<meta property=\"og:image:width\" content=\"1200\" \/>\n\t<meta property=\"og:image:height\" content=\"1600\" \/>\n\t<meta property=\"og:image:type\" content=\"image\/jpeg\" \/>\n<meta name=\"author\" content=\"zuzka\" \/>\n<meta name=\"twitter:card\" content=\"summary_large_image\" \/>\n<meta name=\"twitter:label1\" content=\"Verfasst von\" \/>\n\t<meta name=\"twitter:data1\" content=\"zuzka\" \/>\n\t<meta name=\"twitter:label2\" content=\"Gesch\u00e4tzte Lesezeit\" \/>\n\t<meta name=\"twitter:data2\" content=\"4\u00a0Minuten\" \/>\n<script type=\"application\/ld+json\" class=\"yoast-schema-graph\">{\"@context\":\"https:\/\/schema.org\",\"@graph\":[{\"@type\":\"Article\",\"@id\":\"https:\/\/ateliersdusi.cz\/2024\/09\/16\/k-cemu-jsou-obrazy-aneb-jak-se-chyta-leto\/#article\",\"isPartOf\":{\"@id\":\"https:\/\/ateliersdusi.cz\/2024\/09\/16\/k-cemu-jsou-obrazy-aneb-jak-se-chyta-leto\/\"},\"author\":{\"name\":\"zuzka\",\"@id\":\"https:\/\/ateliersdusi.cz\/#\/schema\/person\/126ebf55255db51dc29b74a7d27e5234\"},\"headline\":\"K \u010cEMU JSOU OBRAZY aneb jak se chyt\u00e1 l\u00e9to\",\"datePublished\":\"2024-09-16T17:40:25+00:00\",\"dateModified\":\"2025-05-12T12:33:02+00:00\",\"mainEntityOfPage\":{\"@id\":\"https:\/\/ateliersdusi.cz\/2024\/09\/16\/k-cemu-jsou-obrazy-aneb-jak-se-chyta-leto\/\"},\"wordCount\":898,\"commentCount\":0,\"image\":{\"@id\":\"https:\/\/ateliersdusi.cz\/2024\/09\/16\/k-cemu-jsou-obrazy-aneb-jak-se-chyta-leto\/#primaryimage\"},\"thumbnailUrl\":\"https:\/\/ateliersdusi.cz\/wp-content\/uploads\/2025\/04\/ATELIER-S-DUSI-Jarka-Papezova-02-rotated.jpg\",\"articleSection\":[\"P\u00ed\u0161u\"],\"inLanguage\":\"de\"},{\"@type\":\"WebPage\",\"@id\":\"https:\/\/ateliersdusi.cz\/2024\/09\/16\/k-cemu-jsou-obrazy-aneb-jak-se-chyta-leto\/\",\"url\":\"https:\/\/ateliersdusi.cz\/2024\/09\/16\/k-cemu-jsou-obrazy-aneb-jak-se-chyta-leto\/\",\"name\":\"K \u010cEMU JSOU OBRAZY aneb jak se chyt\u00e1 l\u00e9to - Ateli\u00e9r s du\u0161\u00ed\",\"isPartOf\":{\"@id\":\"https:\/\/ateliersdusi.cz\/#website\"},\"primaryImageOfPage\":{\"@id\":\"https:\/\/ateliersdusi.cz\/2024\/09\/16\/k-cemu-jsou-obrazy-aneb-jak-se-chyta-leto\/#primaryimage\"},\"image\":{\"@id\":\"https:\/\/ateliersdusi.cz\/2024\/09\/16\/k-cemu-jsou-obrazy-aneb-jak-se-chyta-leto\/#primaryimage\"},\"thumbnailUrl\":\"https:\/\/ateliersdusi.cz\/wp-content\/uploads\/2025\/04\/ATELIER-S-DUSI-Jarka-Papezova-02-rotated.jpg\",\"datePublished\":\"2024-09-16T17:40:25+00:00\",\"dateModified\":\"2025-05-12T12:33:02+00:00\",\"author\":{\"@id\":\"https:\/\/ateliersdusi.cz\/#\/schema\/person\/126ebf55255db51dc29b74a7d27e5234\"},\"breadcrumb\":{\"@id\":\"https:\/\/ateliersdusi.cz\/2024\/09\/16\/k-cemu-jsou-obrazy-aneb-jak-se-chyta-leto\/#breadcrumb\"},\"inLanguage\":\"de\",\"potentialAction\":[{\"@type\":\"ReadAction\",\"target\":[\"https:\/\/ateliersdusi.cz\/2024\/09\/16\/k-cemu-jsou-obrazy-aneb-jak-se-chyta-leto\/\"]}]},{\"@type\":\"ImageObject\",\"inLanguage\":\"de\",\"@id\":\"https:\/\/ateliersdusi.cz\/2024\/09\/16\/k-cemu-jsou-obrazy-aneb-jak-se-chyta-leto\/#primaryimage\",\"url\":\"https:\/\/ateliersdusi.cz\/wp-content\/uploads\/2025\/04\/ATELIER-S-DUSI-Jarka-Papezova-02-rotated.jpg\",\"contentUrl\":\"https:\/\/ateliersdusi.cz\/wp-content\/uploads\/2025\/04\/ATELIER-S-DUSI-Jarka-Papezova-02-rotated.jpg\",\"width\":1200,\"height\":1600},{\"@type\":\"BreadcrumbList\",\"@id\":\"https:\/\/ateliersdusi.cz\/2024\/09\/16\/k-cemu-jsou-obrazy-aneb-jak-se-chyta-leto\/#breadcrumb\",\"itemListElement\":[{\"@type\":\"ListItem\",\"position\":1,\"name\":\"Dom\u016f\",\"item\":\"https:\/\/ateliersdusi.cz\/\"},{\"@type\":\"ListItem\",\"position\":2,\"name\":\"K \u010cEMU JSOU OBRAZY aneb jak se chyt\u00e1 l\u00e9to\"}]},{\"@type\":\"WebSite\",\"@id\":\"https:\/\/ateliersdusi.cz\/#website\",\"url\":\"https:\/\/ateliersdusi.cz\/\",\"name\":\"Ateli\u00e9r s du\u0161\u00ed\",\"description\":\"Jarka Pape\u017eov\u00e1 - mal\u00ed\u0159ka\",\"potentialAction\":[{\"@type\":\"SearchAction\",\"target\":{\"@type\":\"EntryPoint\",\"urlTemplate\":\"https:\/\/ateliersdusi.cz\/?s={search_term_string}\"},\"query-input\":{\"@type\":\"PropertyValueSpecification\",\"valueRequired\":true,\"valueName\":\"search_term_string\"}}],\"inLanguage\":\"de\"},{\"@type\":\"Person\",\"@id\":\"https:\/\/ateliersdusi.cz\/#\/schema\/person\/126ebf55255db51dc29b74a7d27e5234\",\"name\":\"zuzka\",\"image\":{\"@type\":\"ImageObject\",\"inLanguage\":\"de\",\"@id\":\"https:\/\/ateliersdusi.cz\/#\/schema\/person\/image\/\",\"url\":\"https:\/\/secure.gravatar.com\/avatar\/ae4c2dc2e559223f0d956dadb07bad557a339fb6013d7e993d1916f979137d46?s=96&d=mm&r=g\",\"contentUrl\":\"https:\/\/secure.gravatar.com\/avatar\/ae4c2dc2e559223f0d956dadb07bad557a339fb6013d7e993d1916f979137d46?s=96&d=mm&r=g\",\"caption\":\"zuzka\"},\"sameAs\":[\"http:\/\/ateliersdusi.cz\"],\"url\":\"https:\/\/ateliersdusi.cz\/de\/author\/zuzka\/\"}]}<\/script>\n<!-- \/ Yoast SEO plugin. -->","yoast_head_json":{"title":"K \u010cEMU JSOU OBRAZY aneb jak se chyt\u00e1 l\u00e9to - Ateli\u00e9r s du\u0161\u00ed","robots":{"index":"index","follow":"follow","max-snippet":"max-snippet:-1","max-image-preview":"max-image-preview:large","max-video-preview":"max-video-preview:-1"},"canonical":"https:\/\/ateliersdusi.cz\/de\/2024\/09\/16\/k-cemu-jsou-obrazy-aneb-jak-se-chyta-leto\/","og_locale":"de_DE","og_type":"article","og_title":"K \u010cEMU JSOU OBRAZY aneb jak se chyt\u00e1 l\u00e9to - Ateli\u00e9r s du\u0161\u00ed","og_description":"Dal\u0161\u00ed p\u0159\u00edb\u011bh z ATELI\u00c9RU S DU\u0160\u00cd na t\u00e9mak \u010demu jsou obrazy a jestli po nich m\u016f\u017ee n\u011bkdo k\u00fdchat V\u00e1\u017een\u00fd \u010dten\u00e1\u0159i, v\u00edte, \u017ee tvo\u0159\u00edm cel\u00fd sv\u016fj \u017eivot. V minul\u00fdch \u010d\u00edslech novin jsem psala pro\u010d po\u0159\u00e1d maluju vl\u010d\u00ed m\u00e1ky, a\u017e jsem si vyslou\u017eila p\u0159ezd\u00edvku \u201e Makov\u00e1 panenka\u201c.\u00a0Ale vlastn\u011b jsem se nikdy moc nezab\u00fdvala t\u00edm pov\u011bstn\u00fdm \u201ej\u00e1drem pudla\u201c [&hellip;]","og_url":"https:\/\/ateliersdusi.cz\/de\/2024\/09\/16\/k-cemu-jsou-obrazy-aneb-jak-se-chyta-leto\/","og_site_name":"Ateli\u00e9r s du\u0161\u00ed","article_published_time":"2024-09-16T17:40:25+00:00","article_modified_time":"2025-05-12T12:33:02+00:00","og_image":[{"width":1200,"height":1600,"url":"https:\/\/ateliersdusi.cz\/wp-content\/uploads\/2025\/04\/ATELIER-S-DUSI-Jarka-Papezova-02-rotated.jpg","type":"image\/jpeg"}],"author":"zuzka","twitter_card":"summary_large_image","twitter_misc":{"Verfasst von":"zuzka","Gesch\u00e4tzte Lesezeit":"4\u00a0Minuten"},"schema":{"@context":"https:\/\/schema.org","@graph":[{"@type":"Article","@id":"https:\/\/ateliersdusi.cz\/2024\/09\/16\/k-cemu-jsou-obrazy-aneb-jak-se-chyta-leto\/#article","isPartOf":{"@id":"https:\/\/ateliersdusi.cz\/2024\/09\/16\/k-cemu-jsou-obrazy-aneb-jak-se-chyta-leto\/"},"author":{"name":"zuzka","@id":"https:\/\/ateliersdusi.cz\/#\/schema\/person\/126ebf55255db51dc29b74a7d27e5234"},"headline":"K \u010cEMU JSOU OBRAZY aneb jak se chyt\u00e1 l\u00e9to","datePublished":"2024-09-16T17:40:25+00:00","dateModified":"2025-05-12T12:33:02+00:00","mainEntityOfPage":{"@id":"https:\/\/ateliersdusi.cz\/2024\/09\/16\/k-cemu-jsou-obrazy-aneb-jak-se-chyta-leto\/"},"wordCount":898,"commentCount":0,"image":{"@id":"https:\/\/ateliersdusi.cz\/2024\/09\/16\/k-cemu-jsou-obrazy-aneb-jak-se-chyta-leto\/#primaryimage"},"thumbnailUrl":"https:\/\/ateliersdusi.cz\/wp-content\/uploads\/2025\/04\/ATELIER-S-DUSI-Jarka-Papezova-02-rotated.jpg","articleSection":["P\u00ed\u0161u"],"inLanguage":"de"},{"@type":"WebPage","@id":"https:\/\/ateliersdusi.cz\/2024\/09\/16\/k-cemu-jsou-obrazy-aneb-jak-se-chyta-leto\/","url":"https:\/\/ateliersdusi.cz\/2024\/09\/16\/k-cemu-jsou-obrazy-aneb-jak-se-chyta-leto\/","name":"K \u010cEMU JSOU OBRAZY aneb jak se chyt\u00e1 l\u00e9to - Ateli\u00e9r s du\u0161\u00ed","isPartOf":{"@id":"https:\/\/ateliersdusi.cz\/#website"},"primaryImageOfPage":{"@id":"https:\/\/ateliersdusi.cz\/2024\/09\/16\/k-cemu-jsou-obrazy-aneb-jak-se-chyta-leto\/#primaryimage"},"image":{"@id":"https:\/\/ateliersdusi.cz\/2024\/09\/16\/k-cemu-jsou-obrazy-aneb-jak-se-chyta-leto\/#primaryimage"},"thumbnailUrl":"https:\/\/ateliersdusi.cz\/wp-content\/uploads\/2025\/04\/ATELIER-S-DUSI-Jarka-Papezova-02-rotated.jpg","datePublished":"2024-09-16T17:40:25+00:00","dateModified":"2025-05-12T12:33:02+00:00","author":{"@id":"https:\/\/ateliersdusi.cz\/#\/schema\/person\/126ebf55255db51dc29b74a7d27e5234"},"breadcrumb":{"@id":"https:\/\/ateliersdusi.cz\/2024\/09\/16\/k-cemu-jsou-obrazy-aneb-jak-se-chyta-leto\/#breadcrumb"},"inLanguage":"de","potentialAction":[{"@type":"ReadAction","target":["https:\/\/ateliersdusi.cz\/2024\/09\/16\/k-cemu-jsou-obrazy-aneb-jak-se-chyta-leto\/"]}]},{"@type":"ImageObject","inLanguage":"de","@id":"https:\/\/ateliersdusi.cz\/2024\/09\/16\/k-cemu-jsou-obrazy-aneb-jak-se-chyta-leto\/#primaryimage","url":"https:\/\/ateliersdusi.cz\/wp-content\/uploads\/2025\/04\/ATELIER-S-DUSI-Jarka-Papezova-02-rotated.jpg","contentUrl":"https:\/\/ateliersdusi.cz\/wp-content\/uploads\/2025\/04\/ATELIER-S-DUSI-Jarka-Papezova-02-rotated.jpg","width":1200,"height":1600},{"@type":"BreadcrumbList","@id":"https:\/\/ateliersdusi.cz\/2024\/09\/16\/k-cemu-jsou-obrazy-aneb-jak-se-chyta-leto\/#breadcrumb","itemListElement":[{"@type":"ListItem","position":1,"name":"Dom\u016f","item":"https:\/\/ateliersdusi.cz\/"},{"@type":"ListItem","position":2,"name":"K \u010cEMU JSOU OBRAZY aneb jak se chyt\u00e1 l\u00e9to"}]},{"@type":"WebSite","@id":"https:\/\/ateliersdusi.cz\/#website","url":"https:\/\/ateliersdusi.cz\/","name":"Atelier mit Seele","description":"Jarka Pape\u017eov\u00e1 - mal\u00ed\u0159ka","potentialAction":[{"@type":"SearchAction","target":{"@type":"EntryPoint","urlTemplate":"https:\/\/ateliersdusi.cz\/?s={search_term_string}"},"query-input":{"@type":"PropertyValueSpecification","valueRequired":true,"valueName":"search_term_string"}}],"inLanguage":"de"},{"@type":"Person","@id":"https:\/\/ateliersdusi.cz\/#\/schema\/person\/126ebf55255db51dc29b74a7d27e5234","name":"zuzka","image":{"@type":"ImageObject","inLanguage":"de","@id":"https:\/\/ateliersdusi.cz\/#\/schema\/person\/image\/","url":"https:\/\/secure.gravatar.com\/avatar\/ae4c2dc2e559223f0d956dadb07bad557a339fb6013d7e993d1916f979137d46?s=96&d=mm&r=g","contentUrl":"https:\/\/secure.gravatar.com\/avatar\/ae4c2dc2e559223f0d956dadb07bad557a339fb6013d7e993d1916f979137d46?s=96&d=mm&r=g","caption":"zuzka"},"sameAs":["http:\/\/ateliersdusi.cz"],"url":"https:\/\/ateliersdusi.cz\/de\/author\/zuzka\/"}]}},"_links":{"self":[{"href":"https:\/\/ateliersdusi.cz\/de\/wp-json\/wp\/v2\/posts\/466","targetHints":{"allow":["GET"]}}],"collection":[{"href":"https:\/\/ateliersdusi.cz\/de\/wp-json\/wp\/v2\/posts"}],"about":[{"href":"https:\/\/ateliersdusi.cz\/de\/wp-json\/wp\/v2\/types\/post"}],"author":[{"embeddable":true,"href":"https:\/\/ateliersdusi.cz\/de\/wp-json\/wp\/v2\/users\/1"}],"replies":[{"embeddable":true,"href":"https:\/\/ateliersdusi.cz\/de\/wp-json\/wp\/v2\/comments?post=466"}],"version-history":[{"count":7,"href":"https:\/\/ateliersdusi.cz\/de\/wp-json\/wp\/v2\/posts\/466\/revisions"}],"predecessor-version":[{"id":712,"href":"https:\/\/ateliersdusi.cz\/de\/wp-json\/wp\/v2\/posts\/466\/revisions\/712"}],"wp:featuredmedia":[{"embeddable":true,"href":"https:\/\/ateliersdusi.cz\/de\/wp-json\/wp\/v2\/media\/469"}],"wp:attachment":[{"href":"https:\/\/ateliersdusi.cz\/de\/wp-json\/wp\/v2\/media?parent=466"}],"wp:term":[{"taxonomy":"category","embeddable":true,"href":"https:\/\/ateliersdusi.cz\/de\/wp-json\/wp\/v2\/categories?post=466"},{"taxonomy":"post_tag","embeddable":true,"href":"https:\/\/ateliersdusi.cz\/de\/wp-json\/wp\/v2\/tags?post=466"}],"curies":[{"name":"wp","href":"https:\/\/api.w.org\/{rel}","templated":true}]}}