{"id":477,"date":"2024-05-01T19:46:59","date_gmt":"2024-05-01T17:46:59","guid":{"rendered":"https:\/\/ateliersdusi.cz\/?p=477"},"modified":"2025-05-12T14:33:27","modified_gmt":"2025-05-12T12:33:27","slug":"krasa-je-v-ocich-toho-kde-se-diva","status":"publish","type":"post","link":"https:\/\/ateliersdusi.cz\/de\/2024\/05\/01\/krasa-je-v-ocich-toho-kde-se-diva\/","title":{"rendered":"SCH\u00d6NHEIT LIEGT IM AUGE DES BETRACHTERS"},"content":{"rendered":"<p>[et_pb_section fb_built=&#8220;1&#8243; _builder_version=&#8220;4.16&#8243; global_colors_info=&#8220;{}&#8220;][et_pb_row _builder_version=&#8220;4.16&#8243; background_size=&#8220;initial&#8220; background_position=&#8220;top_left&#8220; background_repeat=&#8220;repeat&#8220; global_colors_info=&#8220;{}&#8220;][et_pb_column type=&#8220;4_4&#8243; _builder_version=&#8220;4.16&#8243; custom_padding=&#8220;|||&#8220; global_colors_info=&#8220;{}&#8220; custom_padding__hover=&#8220;|||&#8220;][et_pb_text _builder_version=&#8220;4.27.4&#8243; background_size=&#8220;initial&#8220; background_position=&#8220;top_left&#8220; background_repeat=&#8220;repeat&#8220; global_colors_info=&#8220;{}&#8220;]<\/p>\n<p>Mil\u00ed \u010dten\u00e1\u0159i, u\u017e se dob\u0159e zn\u00e1me, do novin Doma na \u0160umav\u011b p\u0159isp\u00edv\u00e1m pravideln\u011b. Pov\u00edd\u00e1m v\u00e1m pravideln\u011b p\u0159\u00edb\u011bhy z mal\u00ed\u0159sk\u00e9 palety, o kter\u00e9 v Ateli\u00e9ru s du\u0161\u00ed nen\u00ed nouze. Makov\u00e9 mal\u00ed\u0159ce s maringotkou se zkr\u00e1tka po\u0159\u00e1d n\u011bco d\u011bje. Bohu\u017eel n\u011bkdy i n\u00e9 p\u0159\u00edjemn\u00e9ho, jako je t\u0159eba del\u0161\u00ed nemoc. D\u00edky n\u00ed to vypadalo, \u017ee \u010dl\u00e1nek v letn\u00edm vyd\u00e1n\u00ed \u0161umavsk\u00fdch novin prost\u011b nebude. Dnes je uz\u00e1v\u011brka a j\u00e1 nem\u00e1m nic seps\u00e1no. Je r\u00e1no a jak u\u017e to tak b\u00fdv\u00e1, je i moud\u0159ej\u0161\u00ed ve\u010dera. P\u0159ich\u00e1z\u00ed sp\u00e1sn\u00e1 my\u0161lenka. Nenap\u00ed\u0161u-li nic j\u00e1, nap\u00ed\u0161ete mi t\u0159eba pr\u00e1v\u011b vy. A jakou m\u00e1m v\u017edycky radost, kdy\u017e ke mn\u011b p\u0159ijedete a prvn\u00ed v\u011bta zn\u00ed \u201c \u010cetl\/\u010detla jsem ten p\u0159\u00edb\u011bh z Ateli\u00e9ru s du\u0161\u00ed a musela jsem to v\u0161echno vid\u011bt na vlastn\u00ed o\u010di!\u201c Rozhodla jsem se tentokr\u00e1t pou\u017e\u00edt slova t\u011bch nejd\u016fle\u017eit\u011bj\u0161\u00edch. Slova v\u00e1s, div\u00e1k\u016f. Ostatn\u011b, jak prav\u00ed klasik <strong>\u201eKr\u00e1sa je v o\u010d\u00edch toho, kdo se d\u00edv\u00e1\u201c<\/strong>.<\/p>\n<p>Jana Smolov\u00e1 Marcinkov\u00e1, b\u00e1sn\u00ed\u0159ka a hudebn\u00ed pedago\u017eka, kter\u00e9 jsem ilustrovala b\u00e1snickou sb\u00edrku a plak\u00e1ty k varhann\u00edm koncert\u016fm vid\u00ed Ateli\u00e9r s du\u0161\u00ed takto:<br \/><strong>Z obraz\u016f Jarky Pape\u017eov\u00e9 promlouv\u00e1 vztah ke krajin\u011b a \u00facta k tradici. Pod jej\u00edm \u0161t\u011btcem se t\u0159epot\u00e1 plach\u00fd mot\u00fdl, \u0161um\u00ed podzimn\u00ed d\u00e9\u0161\u0165 nebo se skl\u00e1n\u00ed poln\u00ed klasy v poryvech v\u011btru. A\u0165 u\u017e malebn\u00e1 \u0161umavsk\u00e1 kapli\u010dka v lehk\u00fdch \u0159ed\u011bn\u00fdch t\u00f3nech nebo syt\u011b \u010derven\u00e9 kv\u011bty, v\u017edy k n\u00e1m p\u0159ich\u00e1z\u00ed n\u011b\u017en\u00fd dotek nep\u0159etva\u0159uj\u00edc\u00ed se kr\u00e1sy. Rud\u00e9 vl\u010d\u00ed m\u00e1ky v nejr\u016fzn\u011bj\u0161\u00edch form\u00e1tech se v posledn\u00ed dob\u011b staly tak\u0159ka symbolem Klatov.<\/strong><\/p>\n<p>Here\u010dka, re\u017eis\u00e9rka, pedago\u017eka a spisovatelka Petra Johansson, se kterou jsem tvo\u0159ila mnoho nejen v\u00fdtvarn\u00fdch projekt\u016f, shrnula do slov v\u0161e podstatn\u00e9.<br \/><strong>Louky mal\u00ed\u0159ky Jarky Pape\u017eov\u00e9 jsou unik\u00e1tn\u00ed svoj\u00ed atmosf\u00e9rou. Maj\u00ed v sob\u011b v\u016fni \u0161umavsk\u00fdch luk a jejich kouzlo. Jej\u00ed vl\u010d\u00ed m\u00e1ky nejsou jen z\u00e1znamem toho, co tu u n\u00e1s roste, ale um\u011bleckou v\u00fdpov\u011bd\u00ed a interpretac\u00ed \u010derstv\u00e9ho v\u00e1nku nad na\u0161\u00ed krajinou.<\/strong><\/p>\n<p>A do t\u0159etice v\u0161eho dobr\u00e9ho pl\u00e1tna o\u010dima fotografky Pavly Lankusov\u00e9.<br \/><strong>Obrazy Jarky Pape\u017eov\u00e9 jsou velmi v\u00fdrazn\u00e9. P\u0159itahuj\u00ed syt\u00fdmi barvami a odv\u00e1\u017en\u00fdm sv\u011bteln\u00fdm kotrastem. Jarka nesklouz\u00e1v\u00e1 k trend\u016fm, dr\u017e\u00ed sv\u016fj styl a neboj\u00ed se v\u00fdjime\u010dnosti. Pokud si do ob\u00fdv\u00e1ku pov\u011bs\u00edte jej\u00ed velk\u00fd obraz, je t\u0159eba sm\u00ed\u0159it se s t\u00edm, \u017ee si asi nikdo nev\u0161imne Va\u0161\u00ed nov\u00e9 drah\u00e9 seda\u010dky&#8230;<\/strong><br \/><strong>Kdyby mi namalovala tapety, nejsp\u00ed\u0161 bych nepot\u0159ebovala zahradu. Zat\u00edm si aspo\u0148 pov\u011bs\u00edm jej\u00ed obraz letn\u00ed louky proti posteli, aby to bylo to prvn\u00ed, co ka\u017ed\u00e9 r\u00e1no uvid\u00edm.<\/strong><br \/><strong>Na Jarce je geni\u00e1ln\u00ed to, jak dok\u00e1zala pevn\u011b propojit v\u0161echny \u010d\u00e1sti svoj\u00ed osobnosti. Ve stejnou chv\u00edli pracuje zahradnice, mal\u00ed\u0159ka i aran\u017e\u00e9rka. P\u0159esto \u017ee se nesna\u017e\u00ed o p\u0159\u00edsn\u011b realistick\u00e9 malby, tak jsou jej\u00ed kv\u011bty pravdiv\u00e9. Stejn\u011b, jako jej\u00ed \u017eivot v um\u011bleck\u00e9 tvorb\u011b. Jej\u00ed d\u016fm, jej\u00ed zahrada, stodola, maringotky a vlastn\u011b cel\u00fd jej\u00ed \u017eivot je jeden velk\u00fd ateli\u00e9r.<\/strong><\/p>\n<p>Ano, v ateli\u00e9ru tvo\u0159\u00edm i \u017eiju. A t\u00edmto v\u00e1s zvu, mil\u00ed \u010dten\u00e1\u0159i, do toho sv\u00e9ho barevn\u00e9ho sv\u011bta. P\u0159ijdt\u011b t\u0159eba na n\u011bkterou z akc\u00ed, kterou zve\u0159ej\u0148uji na soci\u00e1ln\u00edch s\u00edt\u00edch. Nenechte si uj\u00edt nap\u0159\u00edklad V\u00edkend otev\u0159en\u00fdch ateli\u00e9r\u016f posledn\u00ed v\u00edkend v z\u00e1\u0159\u00ed nebo se stavte kdykoliv po p\u0159edchoz\u00ed domluv\u011b. M\u011bjte hezk\u00e9 l\u00e9to a te\u0161\u00edm se na vid\u011bnou. Va\u0161e makov\u00e1 Jarka<\/p>\n<p><a href=\"https:\/\/www.facebook.com\/profile.php?id=100063527202935\" target=\"_blank\" rel=\"noopener\">FB Jarka Pape\u017eov\u00e1<\/a> a na \u017eivo Vesel\u00ed 34, Janovice nad \u00dahlavou<\/p>\n<p>[\/et_pb_text][\/et_pb_column][\/et_pb_row][\/et_pb_section]<\/p>\n","protected":false},"excerpt":{"rendered":"<p>Mil\u00ed \u010dten\u00e1\u0159i, u\u017e se dob\u0159e zn\u00e1me, do novin Doma na \u0160umav\u011b p\u0159isp\u00edv\u00e1m pravideln\u011b. Pov\u00edd\u00e1m v\u00e1m pravideln\u011b p\u0159\u00edb\u011bhy z mal\u00ed\u0159sk\u00e9 palety, o kter\u00e9 v Ateli\u00e9ru s du\u0161\u00ed nen\u00ed nouze. Makov\u00e9 mal\u00ed\u0159ce s maringotkou se zkr\u00e1tka po\u0159\u00e1d n\u011bco d\u011bje. Bohu\u017eel n\u011bkdy i n\u00e9 p\u0159\u00edjemn\u00e9ho, jako je t\u0159eba del\u0161\u00ed nemoc. D\u00edky n\u00ed to vypadalo, \u017ee \u010dl\u00e1nek v letn\u00edm [&hellip;]<\/p>\n","protected":false},"author":1,"featured_media":480,"comment_status":"open","ping_status":"open","sticky":false,"template":"","format":"standard","meta":{"_et_pb_use_builder":"on","_et_pb_old_content":"","_et_gb_content_width":"","footnotes":""},"categories":[11],"tags":[],"class_list":["post-477","post","type-post","status-publish","format-standard","has-post-thumbnail","hentry","category-pisu"],"yoast_head":"<!-- This site is optimized with the Yoast SEO plugin v27.1.1 - https:\/\/yoast.com\/product\/yoast-seo-wordpress\/ -->\n<title>KR\u00c1SA JE V O\u010c\u00cdCH TOHO, KDO SE D\u00cdV\u00c1 - Ateli\u00e9r s du\u0161\u00ed<\/title>\n<meta name=\"robots\" content=\"index, follow, max-snippet:-1, max-image-preview:large, max-video-preview:-1\" \/>\n<link rel=\"canonical\" href=\"https:\/\/ateliersdusi.cz\/de\/2024\/05\/01\/krasa-je-v-ocich-toho-kde-se-diva\/\" \/>\n<meta property=\"og:locale\" content=\"de_DE\" \/>\n<meta property=\"og:type\" content=\"article\" \/>\n<meta property=\"og:title\" content=\"KR\u00c1SA JE V O\u010c\u00cdCH TOHO, KDO SE D\u00cdV\u00c1 - Ateli\u00e9r s du\u0161\u00ed\" \/>\n<meta property=\"og:description\" content=\"Mil\u00ed \u010dten\u00e1\u0159i, u\u017e se dob\u0159e zn\u00e1me, do novin Doma na \u0160umav\u011b p\u0159isp\u00edv\u00e1m pravideln\u011b. Pov\u00edd\u00e1m v\u00e1m pravideln\u011b p\u0159\u00edb\u011bhy z mal\u00ed\u0159sk\u00e9 palety, o kter\u00e9 v Ateli\u00e9ru s du\u0161\u00ed nen\u00ed nouze. Makov\u00e9 mal\u00ed\u0159ce s maringotkou se zkr\u00e1tka po\u0159\u00e1d n\u011bco d\u011bje. Bohu\u017eel n\u011bkdy i n\u00e9 p\u0159\u00edjemn\u00e9ho, jako je t\u0159eba del\u0161\u00ed nemoc. D\u00edky n\u00ed to vypadalo, \u017ee \u010dl\u00e1nek v letn\u00edm [&hellip;]\" \/>\n<meta property=\"og:url\" content=\"https:\/\/ateliersdusi.cz\/de\/2024\/05\/01\/krasa-je-v-ocich-toho-kde-se-diva\/\" \/>\n<meta property=\"og:site_name\" content=\"Ateli\u00e9r s du\u0161\u00ed\" \/>\n<meta property=\"article:published_time\" content=\"2024-05-01T17:46:59+00:00\" \/>\n<meta property=\"article:modified_time\" content=\"2025-05-12T12:33:27+00:00\" \/>\n<meta property=\"og:image\" content=\"https:\/\/ateliersdusi.cz\/wp-content\/uploads\/2025\/04\/ATELIER-S-DUSI-Jarka-Papezova-03-rotated.jpg\" \/>\n\t<meta property=\"og:image:width\" content=\"1200\" \/>\n\t<meta property=\"og:image:height\" content=\"1600\" \/>\n\t<meta property=\"og:image:type\" content=\"image\/jpeg\" \/>\n<meta name=\"author\" content=\"zuzka\" \/>\n<meta name=\"twitter:card\" content=\"summary_large_image\" \/>\n<meta name=\"twitter:label1\" content=\"Verfasst von\" \/>\n\t<meta name=\"twitter:data1\" content=\"zuzka\" \/>\n\t<meta name=\"twitter:label2\" content=\"Gesch\u00e4tzte Lesezeit\" \/>\n\t<meta name=\"twitter:data2\" content=\"3\u00a0Minuten\" \/>\n<script type=\"application\/ld+json\" class=\"yoast-schema-graph\">{\"@context\":\"https:\/\/schema.org\",\"@graph\":[{\"@type\":\"Article\",\"@id\":\"https:\/\/ateliersdusi.cz\/2024\/05\/01\/krasa-je-v-ocich-toho-kde-se-diva\/#article\",\"isPartOf\":{\"@id\":\"https:\/\/ateliersdusi.cz\/2024\/05\/01\/krasa-je-v-ocich-toho-kde-se-diva\/\"},\"author\":{\"name\":\"zuzka\",\"@id\":\"https:\/\/ateliersdusi.cz\/#\/schema\/person\/126ebf55255db51dc29b74a7d27e5234\"},\"headline\":\"KR\u00c1SA JE V O\u010c\u00cdCH TOHO, KDO SE D\u00cdV\u00c1\",\"datePublished\":\"2024-05-01T17:46:59+00:00\",\"dateModified\":\"2025-05-12T12:33:27+00:00\",\"mainEntityOfPage\":{\"@id\":\"https:\/\/ateliersdusi.cz\/2024\/05\/01\/krasa-je-v-ocich-toho-kde-se-diva\/\"},\"wordCount\":784,\"commentCount\":0,\"image\":{\"@id\":\"https:\/\/ateliersdusi.cz\/2024\/05\/01\/krasa-je-v-ocich-toho-kde-se-diva\/#primaryimage\"},\"thumbnailUrl\":\"https:\/\/ateliersdusi.cz\/wp-content\/uploads\/2025\/04\/ATELIER-S-DUSI-Jarka-Papezova-03-rotated.jpg\",\"articleSection\":[\"P\u00ed\u0161u\"],\"inLanguage\":\"de\"},{\"@type\":\"WebPage\",\"@id\":\"https:\/\/ateliersdusi.cz\/2024\/05\/01\/krasa-je-v-ocich-toho-kde-se-diva\/\",\"url\":\"https:\/\/ateliersdusi.cz\/2024\/05\/01\/krasa-je-v-ocich-toho-kde-se-diva\/\",\"name\":\"KR\u00c1SA JE V O\u010c\u00cdCH TOHO, KDO SE D\u00cdV\u00c1 - Ateli\u00e9r s du\u0161\u00ed\",\"isPartOf\":{\"@id\":\"https:\/\/ateliersdusi.cz\/#website\"},\"primaryImageOfPage\":{\"@id\":\"https:\/\/ateliersdusi.cz\/2024\/05\/01\/krasa-je-v-ocich-toho-kde-se-diva\/#primaryimage\"},\"image\":{\"@id\":\"https:\/\/ateliersdusi.cz\/2024\/05\/01\/krasa-je-v-ocich-toho-kde-se-diva\/#primaryimage\"},\"thumbnailUrl\":\"https:\/\/ateliersdusi.cz\/wp-content\/uploads\/2025\/04\/ATELIER-S-DUSI-Jarka-Papezova-03-rotated.jpg\",\"datePublished\":\"2024-05-01T17:46:59+00:00\",\"dateModified\":\"2025-05-12T12:33:27+00:00\",\"author\":{\"@id\":\"https:\/\/ateliersdusi.cz\/#\/schema\/person\/126ebf55255db51dc29b74a7d27e5234\"},\"breadcrumb\":{\"@id\":\"https:\/\/ateliersdusi.cz\/2024\/05\/01\/krasa-je-v-ocich-toho-kde-se-diva\/#breadcrumb\"},\"inLanguage\":\"de\",\"potentialAction\":[{\"@type\":\"ReadAction\",\"target\":[\"https:\/\/ateliersdusi.cz\/2024\/05\/01\/krasa-je-v-ocich-toho-kde-se-diva\/\"]}]},{\"@type\":\"ImageObject\",\"inLanguage\":\"de\",\"@id\":\"https:\/\/ateliersdusi.cz\/2024\/05\/01\/krasa-je-v-ocich-toho-kde-se-diva\/#primaryimage\",\"url\":\"https:\/\/ateliersdusi.cz\/wp-content\/uploads\/2025\/04\/ATELIER-S-DUSI-Jarka-Papezova-03-rotated.jpg\",\"contentUrl\":\"https:\/\/ateliersdusi.cz\/wp-content\/uploads\/2025\/04\/ATELIER-S-DUSI-Jarka-Papezova-03-rotated.jpg\",\"width\":1200,\"height\":1600},{\"@type\":\"BreadcrumbList\",\"@id\":\"https:\/\/ateliersdusi.cz\/2024\/05\/01\/krasa-je-v-ocich-toho-kde-se-diva\/#breadcrumb\",\"itemListElement\":[{\"@type\":\"ListItem\",\"position\":1,\"name\":\"Dom\u016f\",\"item\":\"https:\/\/ateliersdusi.cz\/\"},{\"@type\":\"ListItem\",\"position\":2,\"name\":\"KR\u00c1SA JE V O\u010c\u00cdCH TOHO, KDO SE D\u00cdV\u00c1\"}]},{\"@type\":\"WebSite\",\"@id\":\"https:\/\/ateliersdusi.cz\/#website\",\"url\":\"https:\/\/ateliersdusi.cz\/\",\"name\":\"Ateli\u00e9r s du\u0161\u00ed\",\"description\":\"Jarka Pape\u017eov\u00e1 - mal\u00ed\u0159ka\",\"potentialAction\":[{\"@type\":\"SearchAction\",\"target\":{\"@type\":\"EntryPoint\",\"urlTemplate\":\"https:\/\/ateliersdusi.cz\/?s={search_term_string}\"},\"query-input\":{\"@type\":\"PropertyValueSpecification\",\"valueRequired\":true,\"valueName\":\"search_term_string\"}}],\"inLanguage\":\"de\"},{\"@type\":\"Person\",\"@id\":\"https:\/\/ateliersdusi.cz\/#\/schema\/person\/126ebf55255db51dc29b74a7d27e5234\",\"name\":\"zuzka\",\"image\":{\"@type\":\"ImageObject\",\"inLanguage\":\"de\",\"@id\":\"https:\/\/ateliersdusi.cz\/#\/schema\/person\/image\/\",\"url\":\"https:\/\/secure.gravatar.com\/avatar\/ae4c2dc2e559223f0d956dadb07bad557a339fb6013d7e993d1916f979137d46?s=96&d=mm&r=g\",\"contentUrl\":\"https:\/\/secure.gravatar.com\/avatar\/ae4c2dc2e559223f0d956dadb07bad557a339fb6013d7e993d1916f979137d46?s=96&d=mm&r=g\",\"caption\":\"zuzka\"},\"sameAs\":[\"http:\/\/ateliersdusi.cz\"],\"url\":\"https:\/\/ateliersdusi.cz\/de\/author\/zuzka\/\"}]}<\/script>\n<!-- \/ Yoast SEO plugin. -->","yoast_head_json":{"title":"KR\u00c1SA JE V O\u010c\u00cdCH TOHO, KDO SE D\u00cdV\u00c1 - Ateli\u00e9r s du\u0161\u00ed","robots":{"index":"index","follow":"follow","max-snippet":"max-snippet:-1","max-image-preview":"max-image-preview:large","max-video-preview":"max-video-preview:-1"},"canonical":"https:\/\/ateliersdusi.cz\/de\/2024\/05\/01\/krasa-je-v-ocich-toho-kde-se-diva\/","og_locale":"de_DE","og_type":"article","og_title":"KR\u00c1SA JE V O\u010c\u00cdCH TOHO, KDO SE D\u00cdV\u00c1 - Ateli\u00e9r s du\u0161\u00ed","og_description":"Mil\u00ed \u010dten\u00e1\u0159i, u\u017e se dob\u0159e zn\u00e1me, do novin Doma na \u0160umav\u011b p\u0159isp\u00edv\u00e1m pravideln\u011b. Pov\u00edd\u00e1m v\u00e1m pravideln\u011b p\u0159\u00edb\u011bhy z mal\u00ed\u0159sk\u00e9 palety, o kter\u00e9 v Ateli\u00e9ru s du\u0161\u00ed nen\u00ed nouze. Makov\u00e9 mal\u00ed\u0159ce s maringotkou se zkr\u00e1tka po\u0159\u00e1d n\u011bco d\u011bje. Bohu\u017eel n\u011bkdy i n\u00e9 p\u0159\u00edjemn\u00e9ho, jako je t\u0159eba del\u0161\u00ed nemoc. D\u00edky n\u00ed to vypadalo, \u017ee \u010dl\u00e1nek v letn\u00edm [&hellip;]","og_url":"https:\/\/ateliersdusi.cz\/de\/2024\/05\/01\/krasa-je-v-ocich-toho-kde-se-diva\/","og_site_name":"Ateli\u00e9r s du\u0161\u00ed","article_published_time":"2024-05-01T17:46:59+00:00","article_modified_time":"2025-05-12T12:33:27+00:00","og_image":[{"width":1200,"height":1600,"url":"https:\/\/ateliersdusi.cz\/wp-content\/uploads\/2025\/04\/ATELIER-S-DUSI-Jarka-Papezova-03-rotated.jpg","type":"image\/jpeg"}],"author":"zuzka","twitter_card":"summary_large_image","twitter_misc":{"Verfasst von":"zuzka","Gesch\u00e4tzte Lesezeit":"3\u00a0Minuten"},"schema":{"@context":"https:\/\/schema.org","@graph":[{"@type":"Article","@id":"https:\/\/ateliersdusi.cz\/2024\/05\/01\/krasa-je-v-ocich-toho-kde-se-diva\/#article","isPartOf":{"@id":"https:\/\/ateliersdusi.cz\/2024\/05\/01\/krasa-je-v-ocich-toho-kde-se-diva\/"},"author":{"name":"zuzka","@id":"https:\/\/ateliersdusi.cz\/#\/schema\/person\/126ebf55255db51dc29b74a7d27e5234"},"headline":"KR\u00c1SA JE V O\u010c\u00cdCH TOHO, KDO SE D\u00cdV\u00c1","datePublished":"2024-05-01T17:46:59+00:00","dateModified":"2025-05-12T12:33:27+00:00","mainEntityOfPage":{"@id":"https:\/\/ateliersdusi.cz\/2024\/05\/01\/krasa-je-v-ocich-toho-kde-se-diva\/"},"wordCount":784,"commentCount":0,"image":{"@id":"https:\/\/ateliersdusi.cz\/2024\/05\/01\/krasa-je-v-ocich-toho-kde-se-diva\/#primaryimage"},"thumbnailUrl":"https:\/\/ateliersdusi.cz\/wp-content\/uploads\/2025\/04\/ATELIER-S-DUSI-Jarka-Papezova-03-rotated.jpg","articleSection":["P\u00ed\u0161u"],"inLanguage":"de"},{"@type":"WebPage","@id":"https:\/\/ateliersdusi.cz\/2024\/05\/01\/krasa-je-v-ocich-toho-kde-se-diva\/","url":"https:\/\/ateliersdusi.cz\/2024\/05\/01\/krasa-je-v-ocich-toho-kde-se-diva\/","name":"KR\u00c1SA JE V O\u010c\u00cdCH TOHO, KDO SE D\u00cdV\u00c1 - Ateli\u00e9r s du\u0161\u00ed","isPartOf":{"@id":"https:\/\/ateliersdusi.cz\/#website"},"primaryImageOfPage":{"@id":"https:\/\/ateliersdusi.cz\/2024\/05\/01\/krasa-je-v-ocich-toho-kde-se-diva\/#primaryimage"},"image":{"@id":"https:\/\/ateliersdusi.cz\/2024\/05\/01\/krasa-je-v-ocich-toho-kde-se-diva\/#primaryimage"},"thumbnailUrl":"https:\/\/ateliersdusi.cz\/wp-content\/uploads\/2025\/04\/ATELIER-S-DUSI-Jarka-Papezova-03-rotated.jpg","datePublished":"2024-05-01T17:46:59+00:00","dateModified":"2025-05-12T12:33:27+00:00","author":{"@id":"https:\/\/ateliersdusi.cz\/#\/schema\/person\/126ebf55255db51dc29b74a7d27e5234"},"breadcrumb":{"@id":"https:\/\/ateliersdusi.cz\/2024\/05\/01\/krasa-je-v-ocich-toho-kde-se-diva\/#breadcrumb"},"inLanguage":"de","potentialAction":[{"@type":"ReadAction","target":["https:\/\/ateliersdusi.cz\/2024\/05\/01\/krasa-je-v-ocich-toho-kde-se-diva\/"]}]},{"@type":"ImageObject","inLanguage":"de","@id":"https:\/\/ateliersdusi.cz\/2024\/05\/01\/krasa-je-v-ocich-toho-kde-se-diva\/#primaryimage","url":"https:\/\/ateliersdusi.cz\/wp-content\/uploads\/2025\/04\/ATELIER-S-DUSI-Jarka-Papezova-03-rotated.jpg","contentUrl":"https:\/\/ateliersdusi.cz\/wp-content\/uploads\/2025\/04\/ATELIER-S-DUSI-Jarka-Papezova-03-rotated.jpg","width":1200,"height":1600},{"@type":"BreadcrumbList","@id":"https:\/\/ateliersdusi.cz\/2024\/05\/01\/krasa-je-v-ocich-toho-kde-se-diva\/#breadcrumb","itemListElement":[{"@type":"ListItem","position":1,"name":"Dom\u016f","item":"https:\/\/ateliersdusi.cz\/"},{"@type":"ListItem","position":2,"name":"KR\u00c1SA JE V O\u010c\u00cdCH TOHO, KDO SE D\u00cdV\u00c1"}]},{"@type":"WebSite","@id":"https:\/\/ateliersdusi.cz\/#website","url":"https:\/\/ateliersdusi.cz\/","name":"Atelier mit Seele","description":"Jarka Pape\u017eov\u00e1 - mal\u00ed\u0159ka","potentialAction":[{"@type":"SearchAction","target":{"@type":"EntryPoint","urlTemplate":"https:\/\/ateliersdusi.cz\/?s={search_term_string}"},"query-input":{"@type":"PropertyValueSpecification","valueRequired":true,"valueName":"search_term_string"}}],"inLanguage":"de"},{"@type":"Person","@id":"https:\/\/ateliersdusi.cz\/#\/schema\/person\/126ebf55255db51dc29b74a7d27e5234","name":"zuzka","image":{"@type":"ImageObject","inLanguage":"de","@id":"https:\/\/ateliersdusi.cz\/#\/schema\/person\/image\/","url":"https:\/\/secure.gravatar.com\/avatar\/ae4c2dc2e559223f0d956dadb07bad557a339fb6013d7e993d1916f979137d46?s=96&d=mm&r=g","contentUrl":"https:\/\/secure.gravatar.com\/avatar\/ae4c2dc2e559223f0d956dadb07bad557a339fb6013d7e993d1916f979137d46?s=96&d=mm&r=g","caption":"zuzka"},"sameAs":["http:\/\/ateliersdusi.cz"],"url":"https:\/\/ateliersdusi.cz\/de\/author\/zuzka\/"}]}},"_links":{"self":[{"href":"https:\/\/ateliersdusi.cz\/de\/wp-json\/wp\/v2\/posts\/477","targetHints":{"allow":["GET"]}}],"collection":[{"href":"https:\/\/ateliersdusi.cz\/de\/wp-json\/wp\/v2\/posts"}],"about":[{"href":"https:\/\/ateliersdusi.cz\/de\/wp-json\/wp\/v2\/types\/post"}],"author":[{"embeddable":true,"href":"https:\/\/ateliersdusi.cz\/de\/wp-json\/wp\/v2\/users\/1"}],"replies":[{"embeddable":true,"href":"https:\/\/ateliersdusi.cz\/de\/wp-json\/wp\/v2\/comments?post=477"}],"version-history":[{"count":8,"href":"https:\/\/ateliersdusi.cz\/de\/wp-json\/wp\/v2\/posts\/477\/revisions"}],"predecessor-version":[{"id":719,"href":"https:\/\/ateliersdusi.cz\/de\/wp-json\/wp\/v2\/posts\/477\/revisions\/719"}],"wp:featuredmedia":[{"embeddable":true,"href":"https:\/\/ateliersdusi.cz\/de\/wp-json\/wp\/v2\/media\/480"}],"wp:attachment":[{"href":"https:\/\/ateliersdusi.cz\/de\/wp-json\/wp\/v2\/media?parent=477"}],"wp:term":[{"taxonomy":"category","embeddable":true,"href":"https:\/\/ateliersdusi.cz\/de\/wp-json\/wp\/v2\/categories?post=477"},{"taxonomy":"post_tag","embeddable":true,"href":"https:\/\/ateliersdusi.cz\/de\/wp-json\/wp\/v2\/tags?post=477"}],"curies":[{"name":"wp","href":"https:\/\/api.w.org\/{rel}","templated":true}]}}