{"id":511,"date":"2025-03-20T20:07:39","date_gmt":"2025-03-20T19:07:39","guid":{"rendered":"https:\/\/ateliersdusi.cz\/?p=511"},"modified":"2025-05-12T14:32:41","modified_gmt":"2025-05-12T12:32:41","slug":"v-naruci-plevele-aneb-znam-je-skoro-vsechny-osobne","status":"publish","type":"post","link":"https:\/\/ateliersdusi.cz\/de\/2025\/03\/20\/v-naruci-plevele-aneb-znam-je-skoro-vsechny-osobne\/","title":{"rendered":"IN DEN ARMEN DES UNKRAUTS oder Ich kenne sie \/fast\/ alle pers\u00f6nlich."},"content":{"rendered":"<p>[et_pb_section fb_built=&#8220;1&#8243; _builder_version=&#8220;4.16&#8243; global_colors_info=&#8220;{}&#8220;][et_pb_row _builder_version=&#8220;4.16&#8243; background_size=&#8220;initial&#8220; background_position=&#8220;top_left&#8220; background_repeat=&#8220;repeat&#8220; global_colors_info=&#8220;{}&#8220;][et_pb_column type=&#8220;4_4&#8243; _builder_version=&#8220;4.16&#8243; custom_padding=&#8220;|||&#8220; global_colors_info=&#8220;{}&#8220; custom_padding__hover=&#8220;|||&#8220;][et_pb_text _builder_version=&#8220;4.27.4&#8243; background_size=&#8220;initial&#8220; background_position=&#8220;top_left&#8220; background_repeat=&#8220;repeat&#8220; global_colors_info=&#8220;{}&#8220;]<\/p>\n<p><strong>Pro\u010d mal\u00ed\u0159ka \u0161umavsk\u00fdch plevel\u016f?<\/strong><br \/>Maluju cesty lemovan\u00e9 lu\u010dn\u00edm kv\u00edt\u00edm a pole s vl\u010d\u00edm m\u00e1kem, chrpou, he\u0159m\u00e1nkem. V\u00e1zy na \u0161t\u011btci jsou pln\u00e9 kopretin a velejemn\u00fdch rostlin, co nikdy neuvadaj\u00ed. Moje l\u00e1ska k nim p\u0159erostla ve v\u00e1\u0161e\u0148.<br \/>Jsou nej\u010dast\u011bj\u0161\u00edm n\u00e1m\u011btem obraz\u016f, c\u00edlem v\u0161ech proch\u00e1zek a dokonce je i s oblibou p\u011bstuji! Seju i s\u00e1z\u00edm. P\u0159i tvorb\u011b text\u016f na web se mi jako prvn\u00ed vybavila slova pana V\u00e1clava C\u00edlka. Bylo to v Klatovech na akci \u201eO Zahrad\u00e1ch trochu jinak\u201c, v kv\u011btnu 2024. V r\u00e1mci Ateli\u00e9ru s du\u0161\u00ed jsem vedla v\u00fdtvarnou d\u00edlnu s v\u00fdstavou kv\u011btinov\u00fdch pl\u00e1ten pod \u0161ir\u00fdm nebem. Tenkr\u00e1t se lid\u00e9 sm\u00e1li, kdy\u017e zazn\u011bla ona posv\u00e1tn\u00e1 v\u011bta. Mn\u011b p\u0159i\u0161la v\u0161ak tuze pravdiv\u00e1 a v\u00fdsti\u017en\u00e1. Dokonce natolik, \u017ee jsem si j\u00ed musela p\u0159epsat na \u00favodn\u00ed str\u00e1nku. Ano, Jarka Pape\u017eov\u00e1 je mal\u00ed\u0159ka \u0161umavsk\u00fdch plevel\u016f!<\/p>\n<p><strong>Louka na \u0161t\u011btci \u2013 vys\u00e9v\u00e1m pl\u00e1tno<\/strong><br \/>Kdy\u017e maluju louku, neza\u010dnu zelenou travou. Nejd\u0159\u00edve maluju druh po druhu, plev\u00edlek pro plev\u00edlku. Od nejspodn\u011bj\u0161\u00edch vrstev je pe\u010dliv\u011b skl\u00e1d\u00e1m, ne\u017e za\u010dne pod rukama r\u016fst cel\u00e9 rostlinn\u00e9 spole\u010denstv\u00ed. Kv\u011btnat\u00e1 louka &#8211; a je jedno, jestli ta namalovan\u00e1, nebo ve skute\u010dnosti, je tvo\u0159ena t\u0159eba z 30ti i v\u00edce rostlinn\u00fdch druh\u016f. Div\u00e1ci je nemus\u00ed v\u0161echny hned poznat, nebo detailn\u011b rozli\u0161it, ale j\u00e1 mus\u00edm v\u011bd\u011bt \u017ee te\u010f maluju \u201e\u0161tov\u00ed\u010dek\u201c a te\u010f zase \u201ejet\u00fdlek\u201c.<br \/>\u010casto se mi oz\u00fdvaj\u00ed lid\u00e9, a \u0159\u00edkaj\u00ed : \u201eChci taky um\u011bt takov\u00e9 sv\u011b\u017e\u00ed louky. \u0158eknu: \u201eAle jist\u011b, poj\u010fte, j\u00e1 v\u00e1s to nau\u010d\u00edm\u201c A ouvej! Sle\u010dna nezn\u00e1 chrpu, nev\u00ed jak\u00e9 m\u00e1 listy. A u\u017e v\u016fbec ne jak vypad\u00e1 v poup\u011bti, nato\u017e odkvetl\u00e1. Chceme-li n\u011bco v\u011brn\u011b zachytit, mus\u00edme to dob\u0159e zn\u00e1t. Nejen, jak konkr\u00e9tn\u00ed druh vypad\u00e1, ale i jak\u00fd je na omak. Jestli jsou listy pevn\u00e9 nebo naopak k\u0159ehk\u00e9, \u010di chlupat\u00e9&#8230;<\/p>\n<p><strong>P\u0159\u00edb\u011bh z d\u011btstv\u00ed \u2013 kdo s\u00e1z\u00ed louku?<\/strong><br \/>Zbo\u017e\u0148uji ty kouzeln\u00e9, k\u0159ehk\u00e9 kv\u011btinky, vz\u00e1jemn\u011b se propl\u00e9taj\u00edc\u00ed. Vyr\u016fstaj\u00ed ze zem\u011b k nebi, nat\u00e1\u010d\u00ed se ke slunci, aby tan\u010dily vesm\u00edrn\u00fd tanec na such\u00e9 str\u00e1ni u cesty.<br \/>Kdy\u017e jsem byla mal\u00e1, chodila jsem s maminkou poln\u00ed cestou na zahradu za m\u011bstem. K pozemku v zahr\u00e1dk\u00e1\u0159sk\u00e9 kolonii vedla cesta \u00favozem. Jak byla zahlouben\u00e1 do ter\u00e9nu, vytvo\u0159il se po boc\u00edch takov\u00fd \u201evant\u201c, jak jsme tomu \u0159\u00edk\u00e1valy. Slunn\u00fd, such\u00fd svah, kter\u00fd se nesekal. Maxim\u00e1ln\u011b dvakr\u00e1t ro\u010dn\u011b ho vzal srpem soused odnaproti. Zkr\u00e1tka a dob\u0159e toho vantu se nikdo nev\u0161\u00edmal a to bylo jeho a moje \u0161t\u011bst\u00ed.<br \/>V\u0161ichni m\u011bli o\u010di a ruce jenom pro svoje mali\u010dk\u00e9 zahr\u00e1dky. Tam p\u011bstovali kv\u011btiny kulturn\u00ed a vzne\u0161en\u00e9. Moje maminka s\u00e1zela nap\u0159\u00edklad astry a c\u00ednie k \u0159ezu. Pamatuji se, \u017ee s t\u00edm m\u011bla stra\u0161n\u011b pr\u00e1ce. P\u0159ipravit p\u016fdu, prokyp\u0159it. Nap\u011bstovat sazenice, zasadit, neul\u00edt! No a pak sta\u010dilo \u201emr\u00e1ko\u201c, jak se u n\u00e1s na P\u0159e\u0161ticku \u0159\u00edkalo temn\u00e9 obloze, co nese d\u00e9\u0161\u0165, a bylo po sna\u017een\u00ed.<br \/>Oproti tomu svah s lou\u010dkou zdobil po\u0159\u00e1d. Navzdory lij\u00e1k\u016fm i bou\u0159ce. Naopak po bou\u0159ce vypadal snad \u00fapln\u011b nejl\u00edp. Zaz\u00e1\u0159ily fialov\u00e9 knofl\u00edky chrastavc\u016f, blankytn\u00e9, \u017eilkovan\u00e9 kakosty a je\u0161t\u011b tmav\u0161\u00ed vikev, kter\u00e1 postupn\u011b p\u0159ech\u00e1zela v r\u016f\u017eovob\u00edl\u00e9 t\u00f3ny. To u\u017e ov\u0161em nebyla vikev pta\u010d\u00ed, n\u00fdbr\u017e \u010di\u010dorka pestr\u00e1. T\u00e9 bylo pom\u00e1lu, takovou kr\u00e1su mus\u00ed p\u0159\u00edroda d\u00e1vkovat po tro\u0161k\u00e1ch. Kdy\u017e jsem se tehdy ptala maminky, kdo s\u00e1zel kyti\u010dky u cesty, \u0159ekla mi: \u201eNikdo p\u0159ece, rostou tu samy.\u201c Z \u010deho\u017e bylo jasn\u00e9, \u017ee je nes\u00e1zel \u017e\u00e1dn\u00fd \u010dlov\u011bk. Musel to b\u00fdt asi p\u00e1nb\u016fh nebo prost\u011b n\u011bco hodn\u011b velk\u00e9ho a neviditeln\u00e9ho. N\u011bjak\u00e1 vy\u0161\u0161\u00ed moc a s\u00edla &#8211; vesm\u00edr,\u010di jak chcete.<\/p>\n<p><strong>Ka\u017edoro\u010dn\u00ed bitva o chrpu \u2013 zahradn\u00edk versus mal\u00ed\u0159ka!<\/strong><br \/>Te\u010f u\u017e m\u00e1m zahradu svoj\u00ed, a mnohem v\u011bt\u0161\u00ed, ne\u017e m\u011bli rodi\u010de. Mohla bych na n\u00ed ud\u011blat obrovsk\u00e1 rabata pestr\u00fdch c\u00edni\u00ed, jehlicovit\u00fdch aster, nen\u00e1ro\u010dn\u00fdch hled\u00edk\u016f, me\u010d\u00edk\u016f neboli gladiol a jin\u00fdch rostlin k \u0159ezu. J\u00e1 v\u0161ak p\u011bstuju \u201eplevel\u201c, jak \u0159\u00edk\u00e1 s oblibou m\u016fj mu\u017e Jan. Je to zahradn\u00edk, vyu\u010den, vystudov\u00e1n, ze zahradnick\u00e9 rodiny t\u0159et\u00edho kolene.<br \/>Na na\u0161\u00ed zahrad\u011b ka\u017edoro\u010dn\u011b svedeme boj o chrpu. Ta se tu semen\u00ed dle vlastn\u00edho uv\u00e1\u017een\u00ed, poka\u017ed\u00e9 trochu na jin\u00e9m m\u00edst\u011b a mu\u017e j\u00ed po\u0159\u00e1d chce vytrh\u00e1vat, nebo\u0165 pr\u00fd zapleveluje cesti\u010dku. A p\u0159itom je to nejfotografovan\u011bj\u0161\u00ed objekt na akc\u00edch V\u00edkendu otev\u0159en\u00fdch zahrad \/v\u017edy druh\u00fd v\u00edkend v \u010dervnu\/. Letos p\u0159i\u0161el s n\u00e1padem alespo\u0148 jednotit! No, mal\u00ed\u0159ka &#8211; p\u011bstitelka plevele a zahradn\u00edk to je prost\u011b jisk\u0159iv\u00e1 konstelace, to se ned\u00e1 sv\u00edtit.<\/p>\n<p><strong>Nesekat, neru\u0161it \u2013 mo\u017en\u00e1 p\u0159ijde i hvozd\u00edk<\/strong><br \/>Na z\u00e1honech bedliv\u011b \u010d\u00edh\u00e1m, kde se objev\u00ed mali\u010dk\u00fd \u0159eb\u0159\u00ed\u010dek a jakmile je v tr\u00e1vn\u00edku patrn\u00fd l\u00edstek kopretiny tak zak\u0159i\u010d\u00edm: \u201ePozor! Ne\u0161lapat! Neru\u0161it!\u201c Pro\u010d m\u00e1me v sekan\u00e9m tr\u00e1vn\u00edku vysok\u00e1 m\u00edsta vypadaj\u00edc\u00ed jako mal\u00e9 obl\u00e1\u010dky. Nesm\u00edme p\u0159ece posekat \u0159eb\u0159\u00ed\u010dek a v tom druh\u00e9m oku je podez\u0159en\u00ed na ra\u0161\u00edc\u00ed Diantus deltoides. \u010cesky hvozd\u00edk karafi\u00e1tek. To je chlouba na\u0161\u00ed p\u0159\u00edrodn\u00ed zahrady. Prababi\u010dka je nach\u00e1zela u cesty ke kapli\u010dce Sv. Anny v P\u0159\u00edchovic\u00edch a \u0159\u00edkala jim \u201eSlzi\u010dky Panny Marie\u201c, tak si to pamatuji z m\u00e1mina vypr\u00e1v\u011bn\u00ed. Od n\u00ed jsem se nau\u010dila mezi prvn\u00edmi sl\u016fvka \u201elnice vl\u010d\u00ed huba, t\u0159ezalka, lomik\u00e1men, knotovka, krvavec toten \u010dili \u201ekomen\u00ed\u010dek\u201c.<\/p>\n<p><strong>Definice plevele aneb poru\u010dte m\u00e1ku, kde m\u00e1 kv\u00e9st<\/strong><br \/>Z\u00e1v\u011brem mal\u00e9 odborn\u00e9 pojedn\u00e1n\u00ed a zamy\u0161len\u00ed se, co je vlastn\u011b plevel.<br \/>\u201ePlevel je definov\u00e1n jako rostlina, kter\u00e1 na dan\u00e9m pozemku roste bez na\u0161\u00ed v\u016fle nebo proti n\u00ed. Podle definice Evropsk\u00e9 spole\u010dnosti pro v\u00fdzkum plevel\u016f, je plevel rostlina, kter\u00e1 p\u0159ek\u00e1\u017e\u00ed c\u00edl\u016fm a po\u017eadavk\u016fm \u010dlov\u011bka. \u201c (Zdroj Wikipedia)<br \/>Bez na\u0161\u00ed v\u016fle sv\u00edt\u00ed i slunce, pr\u0161\u00ed \/alespo\u0148 n\u011bkdy\/ a zapla\u0165 p\u00e1nb\u016fh za to. J\u00e1 nebudu porou\u010det kopretin\u011b nebo vl\u010d\u00edmu m\u00e1ku, kde m\u00e1 kv\u00e9st!<br \/>To u\u017e bylo n\u011bjak\u00fdch chytr\u00fdch hlav, kter\u00e9 je m\u00fdtily z l\u00e1nu obiln\u00fdch pol\u00ed. Na t\u011bchto rostlin\u00e1ch se mi l\u00edb\u00ed jak jsou nezdoln\u00e9, a p\u0159itom tak k\u0159ehk\u00e9! Jasn\u011b d\u00e1vaj\u00ed najevo, \u017ee necht\u011bj\u00ed b\u00fdt trh\u00e1ny. A kdo se o to pokus\u00ed, tak je dom\u016f \u017eiv\u00e9 nedonese. Je\u0161t\u011b b\u011bhem cesty u\u017e v\u011b\u0161\u00ed hlavi\u010dky, muchlaj\u00ed suk\u00fdnky kv\u011bt\u016f, pozd\u011bji \u010dernaj\u00ed a nezdobn\u011b hynou.<\/p>\n<p><strong>\u010ct\u011bte \u010capka \u2013 nen\u00ed rostliny beze jm\u00e9na<\/strong><br \/>Je\u0161t\u011b trochu poetiky z pera Karla \u010capka a knihy Zahradn\u00edk\u016fv rok:<br \/>&#8230;\u201cKV\u011aTINA BEZEJMENN\u00c1 JE PLEVEL,\u201c&#8230;napad\u00e1 m\u011b k tomu &#8211; pro m\u011b ne, j\u00e1 je na\u0161t\u011bst\u00ed zn\u00e1m jm\u00e9nem.<\/p>\n<p>Koneckonc\u016f m\u00e1m ty \u201eplevele\u201c asi zapsan\u00fd v osudu. Moje obl\u00edben\u00e9 m\u00e1ky se t\u00e1hnou na\u0161\u00edm rodem doslova jako \u010derven\u00e1 linka. Maloval je u\u017e m\u016fj prastr\u00fdc, mal\u00ed\u0159 Josef Hodl, olejem je ztv\u00e1r\u0148uje maminka Marie a j\u00e1 pokra\u010duji v tom vl\u010d\u00edmakov\u00e9m \u0159\u00e1d\u011bn\u00ed na v\u0161echny zp\u016fsoby. Nen\u00ed divu, \u017ee jsem si za n\u011b vyslou\u017eila p\u0159ezd\u00edvku Makov\u00e1 panenka a v roce 2021 ofici\u00e1ln\u00ed titul Makov\u00e1 mal\u00ed\u0159ka se z\u00e1pisem do knihy rekord\u016f \u010cesk\u00e9 republiky.<\/p>\n<p>A jestli jednou um\u0159u, h\u00e1dejte, co bych cht\u011bla m\u00edt v\u0161ude na hrobu i kolem n\u011bj&#8230;<\/p>\n<p>Jarka Pape\u017eov\u00e1<\/p>\n<p>Vesel\u00ed, Ateli\u00e9r s du\u0161\u00ed, 29. b\u0159ezna 2025<\/p>\n<p>[\/et_pb_text][\/et_pb_column][\/et_pb_row][\/et_pb_section]<\/p>\n","protected":false},"excerpt":{"rendered":"<p>Pro\u010d mal\u00ed\u0159ka \u0161umavsk\u00fdch plevel\u016f?Maluju cesty lemovan\u00e9 lu\u010dn\u00edm kv\u00edt\u00edm a pole s vl\u010d\u00edm m\u00e1kem, chrpou, he\u0159m\u00e1nkem. V\u00e1zy na \u0161t\u011btci jsou pln\u00e9 kopretin a velejemn\u00fdch rostlin, co nikdy neuvadaj\u00ed. Moje l\u00e1ska k nim p\u0159erostla ve v\u00e1\u0161e\u0148.Jsou nej\u010dast\u011bj\u0161\u00edm n\u00e1m\u011btem obraz\u016f, c\u00edlem v\u0161ech proch\u00e1zek a dokonce je i s oblibou p\u011bstuji! Seju i s\u00e1z\u00edm. P\u0159i tvorb\u011b text\u016f na web [&hellip;]<\/p>\n","protected":false},"author":1,"featured_media":515,"comment_status":"open","ping_status":"open","sticky":false,"template":"","format":"standard","meta":{"_et_pb_use_builder":"on","_et_pb_old_content":"","_et_gb_content_width":"","footnotes":""},"categories":[11],"tags":[],"class_list":["post-511","post","type-post","status-publish","format-standard","has-post-thumbnail","hentry","category-pisu"],"yoast_head":"<!-- This site is optimized with the Yoast SEO plugin v27.1.1 - https:\/\/yoast.com\/product\/yoast-seo-wordpress\/ -->\n<title>V N\u00c1RU\u010cI PLEVELE aneb zn\u00e1m je \/skoro\/ v\u0161echny osobn\u011b - Ateli\u00e9r s du\u0161\u00ed<\/title>\n<meta name=\"robots\" content=\"index, follow, max-snippet:-1, max-image-preview:large, max-video-preview:-1\" \/>\n<link rel=\"canonical\" href=\"https:\/\/ateliersdusi.cz\/de\/2025\/03\/20\/v-naruci-plevele-aneb-znam-je-skoro-vsechny-osobne\/\" \/>\n<meta property=\"og:locale\" content=\"de_DE\" \/>\n<meta property=\"og:type\" content=\"article\" \/>\n<meta property=\"og:title\" content=\"V N\u00c1RU\u010cI PLEVELE aneb zn\u00e1m je \/skoro\/ v\u0161echny osobn\u011b - Ateli\u00e9r s du\u0161\u00ed\" \/>\n<meta property=\"og:description\" content=\"Pro\u010d mal\u00ed\u0159ka \u0161umavsk\u00fdch plevel\u016f?Maluju cesty lemovan\u00e9 lu\u010dn\u00edm kv\u00edt\u00edm a pole s vl\u010d\u00edm m\u00e1kem, chrpou, he\u0159m\u00e1nkem. V\u00e1zy na \u0161t\u011btci jsou pln\u00e9 kopretin a velejemn\u00fdch rostlin, co nikdy neuvadaj\u00ed. Moje l\u00e1ska k nim p\u0159erostla ve v\u00e1\u0161e\u0148.Jsou nej\u010dast\u011bj\u0161\u00edm n\u00e1m\u011btem obraz\u016f, c\u00edlem v\u0161ech proch\u00e1zek a dokonce je i s oblibou p\u011bstuji! Seju i s\u00e1z\u00edm. P\u0159i tvorb\u011b text\u016f na web [&hellip;]\" \/>\n<meta property=\"og:url\" content=\"https:\/\/ateliersdusi.cz\/de\/2025\/03\/20\/v-naruci-plevele-aneb-znam-je-skoro-vsechny-osobne\/\" \/>\n<meta property=\"og:site_name\" content=\"Ateli\u00e9r s du\u0161\u00ed\" \/>\n<meta property=\"article:published_time\" content=\"2025-03-20T19:07:39+00:00\" \/>\n<meta property=\"article:modified_time\" content=\"2025-05-12T12:32:41+00:00\" \/>\n<meta property=\"og:image\" content=\"https:\/\/ateliersdusi.cz\/wp-content\/uploads\/2025\/04\/ATELIER-S-DUSI-Jarka-Papezova-08_a.jpg\" \/>\n\t<meta property=\"og:image:width\" content=\"1200\" \/>\n\t<meta property=\"og:image:height\" content=\"984\" \/>\n\t<meta property=\"og:image:type\" content=\"image\/jpeg\" \/>\n<meta name=\"author\" content=\"zuzka\" \/>\n<meta name=\"twitter:card\" content=\"summary_large_image\" \/>\n<meta name=\"twitter:label1\" content=\"Verfasst von\" \/>\n\t<meta name=\"twitter:data1\" content=\"zuzka\" \/>\n\t<meta name=\"twitter:label2\" content=\"Gesch\u00e4tzte Lesezeit\" \/>\n\t<meta name=\"twitter:data2\" content=\"6\u00a0Minuten\" \/>\n<script type=\"application\/ld+json\" class=\"yoast-schema-graph\">{\"@context\":\"https:\/\/schema.org\",\"@graph\":[{\"@type\":\"Article\",\"@id\":\"https:\/\/ateliersdusi.cz\/2025\/03\/20\/v-naruci-plevele-aneb-znam-je-skoro-vsechny-osobne\/#article\",\"isPartOf\":{\"@id\":\"https:\/\/ateliersdusi.cz\/2025\/03\/20\/v-naruci-plevele-aneb-znam-je-skoro-vsechny-osobne\/\"},\"author\":{\"name\":\"zuzka\",\"@id\":\"https:\/\/ateliersdusi.cz\/#\/schema\/person\/126ebf55255db51dc29b74a7d27e5234\"},\"headline\":\"V N\u00c1RU\u010cI PLEVELE aneb zn\u00e1m je \/skoro\/ v\u0161echny osobn\u011b\",\"datePublished\":\"2025-03-20T19:07:39+00:00\",\"dateModified\":\"2025-05-12T12:32:41+00:00\",\"mainEntityOfPage\":{\"@id\":\"https:\/\/ateliersdusi.cz\/2025\/03\/20\/v-naruci-plevele-aneb-znam-je-skoro-vsechny-osobne\/\"},\"wordCount\":1488,\"commentCount\":0,\"image\":{\"@id\":\"https:\/\/ateliersdusi.cz\/2025\/03\/20\/v-naruci-plevele-aneb-znam-je-skoro-vsechny-osobne\/#primaryimage\"},\"thumbnailUrl\":\"https:\/\/ateliersdusi.cz\/wp-content\/uploads\/2025\/04\/ATELIER-S-DUSI-Jarka-Papezova-08_a.jpg\",\"articleSection\":[\"P\u00ed\u0161u\"],\"inLanguage\":\"de\"},{\"@type\":\"WebPage\",\"@id\":\"https:\/\/ateliersdusi.cz\/2025\/03\/20\/v-naruci-plevele-aneb-znam-je-skoro-vsechny-osobne\/\",\"url\":\"https:\/\/ateliersdusi.cz\/2025\/03\/20\/v-naruci-plevele-aneb-znam-je-skoro-vsechny-osobne\/\",\"name\":\"V N\u00c1RU\u010cI PLEVELE aneb zn\u00e1m je \/skoro\/ v\u0161echny osobn\u011b - Ateli\u00e9r s du\u0161\u00ed\",\"isPartOf\":{\"@id\":\"https:\/\/ateliersdusi.cz\/#website\"},\"primaryImageOfPage\":{\"@id\":\"https:\/\/ateliersdusi.cz\/2025\/03\/20\/v-naruci-plevele-aneb-znam-je-skoro-vsechny-osobne\/#primaryimage\"},\"image\":{\"@id\":\"https:\/\/ateliersdusi.cz\/2025\/03\/20\/v-naruci-plevele-aneb-znam-je-skoro-vsechny-osobne\/#primaryimage\"},\"thumbnailUrl\":\"https:\/\/ateliersdusi.cz\/wp-content\/uploads\/2025\/04\/ATELIER-S-DUSI-Jarka-Papezova-08_a.jpg\",\"datePublished\":\"2025-03-20T19:07:39+00:00\",\"dateModified\":\"2025-05-12T12:32:41+00:00\",\"author\":{\"@id\":\"https:\/\/ateliersdusi.cz\/#\/schema\/person\/126ebf55255db51dc29b74a7d27e5234\"},\"breadcrumb\":{\"@id\":\"https:\/\/ateliersdusi.cz\/2025\/03\/20\/v-naruci-plevele-aneb-znam-je-skoro-vsechny-osobne\/#breadcrumb\"},\"inLanguage\":\"de\",\"potentialAction\":[{\"@type\":\"ReadAction\",\"target\":[\"https:\/\/ateliersdusi.cz\/2025\/03\/20\/v-naruci-plevele-aneb-znam-je-skoro-vsechny-osobne\/\"]}]},{\"@type\":\"ImageObject\",\"inLanguage\":\"de\",\"@id\":\"https:\/\/ateliersdusi.cz\/2025\/03\/20\/v-naruci-plevele-aneb-znam-je-skoro-vsechny-osobne\/#primaryimage\",\"url\":\"https:\/\/ateliersdusi.cz\/wp-content\/uploads\/2025\/04\/ATELIER-S-DUSI-Jarka-Papezova-08_a.jpg\",\"contentUrl\":\"https:\/\/ateliersdusi.cz\/wp-content\/uploads\/2025\/04\/ATELIER-S-DUSI-Jarka-Papezova-08_a.jpg\",\"width\":1200,\"height\":984},{\"@type\":\"BreadcrumbList\",\"@id\":\"https:\/\/ateliersdusi.cz\/2025\/03\/20\/v-naruci-plevele-aneb-znam-je-skoro-vsechny-osobne\/#breadcrumb\",\"itemListElement\":[{\"@type\":\"ListItem\",\"position\":1,\"name\":\"Dom\u016f\",\"item\":\"https:\/\/ateliersdusi.cz\/\"},{\"@type\":\"ListItem\",\"position\":2,\"name\":\"V N\u00c1RU\u010cI PLEVELE aneb zn\u00e1m je \/skoro\/ v\u0161echny osobn\u011b\"}]},{\"@type\":\"WebSite\",\"@id\":\"https:\/\/ateliersdusi.cz\/#website\",\"url\":\"https:\/\/ateliersdusi.cz\/\",\"name\":\"Ateli\u00e9r s du\u0161\u00ed\",\"description\":\"Jarka Pape\u017eov\u00e1 - mal\u00ed\u0159ka\",\"potentialAction\":[{\"@type\":\"SearchAction\",\"target\":{\"@type\":\"EntryPoint\",\"urlTemplate\":\"https:\/\/ateliersdusi.cz\/?s={search_term_string}\"},\"query-input\":{\"@type\":\"PropertyValueSpecification\",\"valueRequired\":true,\"valueName\":\"search_term_string\"}}],\"inLanguage\":\"de\"},{\"@type\":\"Person\",\"@id\":\"https:\/\/ateliersdusi.cz\/#\/schema\/person\/126ebf55255db51dc29b74a7d27e5234\",\"name\":\"zuzka\",\"image\":{\"@type\":\"ImageObject\",\"inLanguage\":\"de\",\"@id\":\"https:\/\/ateliersdusi.cz\/#\/schema\/person\/image\/\",\"url\":\"https:\/\/secure.gravatar.com\/avatar\/ae4c2dc2e559223f0d956dadb07bad557a339fb6013d7e993d1916f979137d46?s=96&d=mm&r=g\",\"contentUrl\":\"https:\/\/secure.gravatar.com\/avatar\/ae4c2dc2e559223f0d956dadb07bad557a339fb6013d7e993d1916f979137d46?s=96&d=mm&r=g\",\"caption\":\"zuzka\"},\"sameAs\":[\"http:\/\/ateliersdusi.cz\"],\"url\":\"https:\/\/ateliersdusi.cz\/de\/author\/zuzka\/\"}]}<\/script>\n<!-- \/ Yoast SEO plugin. -->","yoast_head_json":{"title":"V N\u00c1RU\u010cI PLEVELE aneb zn\u00e1m je \/skoro\/ v\u0161echny osobn\u011b - Ateli\u00e9r s du\u0161\u00ed","robots":{"index":"index","follow":"follow","max-snippet":"max-snippet:-1","max-image-preview":"max-image-preview:large","max-video-preview":"max-video-preview:-1"},"canonical":"https:\/\/ateliersdusi.cz\/de\/2025\/03\/20\/v-naruci-plevele-aneb-znam-je-skoro-vsechny-osobne\/","og_locale":"de_DE","og_type":"article","og_title":"V N\u00c1RU\u010cI PLEVELE aneb zn\u00e1m je \/skoro\/ v\u0161echny osobn\u011b - Ateli\u00e9r s du\u0161\u00ed","og_description":"Pro\u010d mal\u00ed\u0159ka \u0161umavsk\u00fdch plevel\u016f?Maluju cesty lemovan\u00e9 lu\u010dn\u00edm kv\u00edt\u00edm a pole s vl\u010d\u00edm m\u00e1kem, chrpou, he\u0159m\u00e1nkem. V\u00e1zy na \u0161t\u011btci jsou pln\u00e9 kopretin a velejemn\u00fdch rostlin, co nikdy neuvadaj\u00ed. Moje l\u00e1ska k nim p\u0159erostla ve v\u00e1\u0161e\u0148.Jsou nej\u010dast\u011bj\u0161\u00edm n\u00e1m\u011btem obraz\u016f, c\u00edlem v\u0161ech proch\u00e1zek a dokonce je i s oblibou p\u011bstuji! Seju i s\u00e1z\u00edm. P\u0159i tvorb\u011b text\u016f na web [&hellip;]","og_url":"https:\/\/ateliersdusi.cz\/de\/2025\/03\/20\/v-naruci-plevele-aneb-znam-je-skoro-vsechny-osobne\/","og_site_name":"Ateli\u00e9r s du\u0161\u00ed","article_published_time":"2025-03-20T19:07:39+00:00","article_modified_time":"2025-05-12T12:32:41+00:00","og_image":[{"width":1200,"height":984,"url":"https:\/\/ateliersdusi.cz\/wp-content\/uploads\/2025\/04\/ATELIER-S-DUSI-Jarka-Papezova-08_a.jpg","type":"image\/jpeg"}],"author":"zuzka","twitter_card":"summary_large_image","twitter_misc":{"Verfasst von":"zuzka","Gesch\u00e4tzte Lesezeit":"6\u00a0Minuten"},"schema":{"@context":"https:\/\/schema.org","@graph":[{"@type":"Article","@id":"https:\/\/ateliersdusi.cz\/2025\/03\/20\/v-naruci-plevele-aneb-znam-je-skoro-vsechny-osobne\/#article","isPartOf":{"@id":"https:\/\/ateliersdusi.cz\/2025\/03\/20\/v-naruci-plevele-aneb-znam-je-skoro-vsechny-osobne\/"},"author":{"name":"zuzka","@id":"https:\/\/ateliersdusi.cz\/#\/schema\/person\/126ebf55255db51dc29b74a7d27e5234"},"headline":"V N\u00c1RU\u010cI PLEVELE aneb zn\u00e1m je \/skoro\/ v\u0161echny osobn\u011b","datePublished":"2025-03-20T19:07:39+00:00","dateModified":"2025-05-12T12:32:41+00:00","mainEntityOfPage":{"@id":"https:\/\/ateliersdusi.cz\/2025\/03\/20\/v-naruci-plevele-aneb-znam-je-skoro-vsechny-osobne\/"},"wordCount":1488,"commentCount":0,"image":{"@id":"https:\/\/ateliersdusi.cz\/2025\/03\/20\/v-naruci-plevele-aneb-znam-je-skoro-vsechny-osobne\/#primaryimage"},"thumbnailUrl":"https:\/\/ateliersdusi.cz\/wp-content\/uploads\/2025\/04\/ATELIER-S-DUSI-Jarka-Papezova-08_a.jpg","articleSection":["P\u00ed\u0161u"],"inLanguage":"de"},{"@type":"WebPage","@id":"https:\/\/ateliersdusi.cz\/2025\/03\/20\/v-naruci-plevele-aneb-znam-je-skoro-vsechny-osobne\/","url":"https:\/\/ateliersdusi.cz\/2025\/03\/20\/v-naruci-plevele-aneb-znam-je-skoro-vsechny-osobne\/","name":"V N\u00c1RU\u010cI PLEVELE aneb zn\u00e1m je \/skoro\/ v\u0161echny osobn\u011b - Ateli\u00e9r s du\u0161\u00ed","isPartOf":{"@id":"https:\/\/ateliersdusi.cz\/#website"},"primaryImageOfPage":{"@id":"https:\/\/ateliersdusi.cz\/2025\/03\/20\/v-naruci-plevele-aneb-znam-je-skoro-vsechny-osobne\/#primaryimage"},"image":{"@id":"https:\/\/ateliersdusi.cz\/2025\/03\/20\/v-naruci-plevele-aneb-znam-je-skoro-vsechny-osobne\/#primaryimage"},"thumbnailUrl":"https:\/\/ateliersdusi.cz\/wp-content\/uploads\/2025\/04\/ATELIER-S-DUSI-Jarka-Papezova-08_a.jpg","datePublished":"2025-03-20T19:07:39+00:00","dateModified":"2025-05-12T12:32:41+00:00","author":{"@id":"https:\/\/ateliersdusi.cz\/#\/schema\/person\/126ebf55255db51dc29b74a7d27e5234"},"breadcrumb":{"@id":"https:\/\/ateliersdusi.cz\/2025\/03\/20\/v-naruci-plevele-aneb-znam-je-skoro-vsechny-osobne\/#breadcrumb"},"inLanguage":"de","potentialAction":[{"@type":"ReadAction","target":["https:\/\/ateliersdusi.cz\/2025\/03\/20\/v-naruci-plevele-aneb-znam-je-skoro-vsechny-osobne\/"]}]},{"@type":"ImageObject","inLanguage":"de","@id":"https:\/\/ateliersdusi.cz\/2025\/03\/20\/v-naruci-plevele-aneb-znam-je-skoro-vsechny-osobne\/#primaryimage","url":"https:\/\/ateliersdusi.cz\/wp-content\/uploads\/2025\/04\/ATELIER-S-DUSI-Jarka-Papezova-08_a.jpg","contentUrl":"https:\/\/ateliersdusi.cz\/wp-content\/uploads\/2025\/04\/ATELIER-S-DUSI-Jarka-Papezova-08_a.jpg","width":1200,"height":984},{"@type":"BreadcrumbList","@id":"https:\/\/ateliersdusi.cz\/2025\/03\/20\/v-naruci-plevele-aneb-znam-je-skoro-vsechny-osobne\/#breadcrumb","itemListElement":[{"@type":"ListItem","position":1,"name":"Dom\u016f","item":"https:\/\/ateliersdusi.cz\/"},{"@type":"ListItem","position":2,"name":"V N\u00c1RU\u010cI PLEVELE aneb zn\u00e1m je \/skoro\/ v\u0161echny osobn\u011b"}]},{"@type":"WebSite","@id":"https:\/\/ateliersdusi.cz\/#website","url":"https:\/\/ateliersdusi.cz\/","name":"Atelier mit Seele","description":"Jarka Pape\u017eov\u00e1 - mal\u00ed\u0159ka","potentialAction":[{"@type":"SearchAction","target":{"@type":"EntryPoint","urlTemplate":"https:\/\/ateliersdusi.cz\/?s={search_term_string}"},"query-input":{"@type":"PropertyValueSpecification","valueRequired":true,"valueName":"search_term_string"}}],"inLanguage":"de"},{"@type":"Person","@id":"https:\/\/ateliersdusi.cz\/#\/schema\/person\/126ebf55255db51dc29b74a7d27e5234","name":"zuzka","image":{"@type":"ImageObject","inLanguage":"de","@id":"https:\/\/ateliersdusi.cz\/#\/schema\/person\/image\/","url":"https:\/\/secure.gravatar.com\/avatar\/ae4c2dc2e559223f0d956dadb07bad557a339fb6013d7e993d1916f979137d46?s=96&d=mm&r=g","contentUrl":"https:\/\/secure.gravatar.com\/avatar\/ae4c2dc2e559223f0d956dadb07bad557a339fb6013d7e993d1916f979137d46?s=96&d=mm&r=g","caption":"zuzka"},"sameAs":["http:\/\/ateliersdusi.cz"],"url":"https:\/\/ateliersdusi.cz\/de\/author\/zuzka\/"}]}},"_links":{"self":[{"href":"https:\/\/ateliersdusi.cz\/de\/wp-json\/wp\/v2\/posts\/511","targetHints":{"allow":["GET"]}}],"collection":[{"href":"https:\/\/ateliersdusi.cz\/de\/wp-json\/wp\/v2\/posts"}],"about":[{"href":"https:\/\/ateliersdusi.cz\/de\/wp-json\/wp\/v2\/types\/post"}],"author":[{"embeddable":true,"href":"https:\/\/ateliersdusi.cz\/de\/wp-json\/wp\/v2\/users\/1"}],"replies":[{"embeddable":true,"href":"https:\/\/ateliersdusi.cz\/de\/wp-json\/wp\/v2\/comments?post=511"}],"version-history":[{"count":3,"href":"https:\/\/ateliersdusi.cz\/de\/wp-json\/wp\/v2\/posts\/511\/revisions"}],"predecessor-version":[{"id":516,"href":"https:\/\/ateliersdusi.cz\/de\/wp-json\/wp\/v2\/posts\/511\/revisions\/516"}],"wp:featuredmedia":[{"embeddable":true,"href":"https:\/\/ateliersdusi.cz\/de\/wp-json\/wp\/v2\/media\/515"}],"wp:attachment":[{"href":"https:\/\/ateliersdusi.cz\/de\/wp-json\/wp\/v2\/media?parent=511"}],"wp:term":[{"taxonomy":"category","embeddable":true,"href":"https:\/\/ateliersdusi.cz\/de\/wp-json\/wp\/v2\/categories?post=511"},{"taxonomy":"post_tag","embeddable":true,"href":"https:\/\/ateliersdusi.cz\/de\/wp-json\/wp\/v2\/tags?post=511"}],"curies":[{"name":"wp","href":"https:\/\/api.w.org\/{rel}","templated":true}]}}