{"id":731,"date":"2024-04-30T20:21:38","date_gmt":"2024-04-30T18:21:38","guid":{"rendered":"https:\/\/ateliersdusi.cz\/?p=731"},"modified":"2025-05-12T14:33:23","modified_gmt":"2025-05-12T12:33:23","slug":"jak-jsem-malovala-vochtr-aneb-vzpominka-na-babi-luzanskou","status":"publish","type":"post","link":"https:\/\/ateliersdusi.cz\/de\/2024\/04\/30\/jak-jsem-malovala-vochtr-aneb-vzpominka-na-babi-luzanskou\/","title":{"rendered":"WIE ICH \u201eVOCHTR\u201c GEMALT HABE \u2013 eine Erinnerung an meine Gro\u00dfmutter aus Lu\u017eany"},"content":{"rendered":"<p>[et_pb_section fb_built=&#8220;1&#8243; _builder_version=&#8220;4.16&#8243; global_colors_info=&#8220;{}&#8220;][et_pb_row _builder_version=&#8220;4.16&#8243; background_size=&#8220;initial&#8220; background_position=&#8220;top_left&#8220; background_repeat=&#8220;repeat&#8220; global_colors_info=&#8220;{}&#8220;][et_pb_column type=&#8220;4_4&#8243; _builder_version=&#8220;4.16&#8243; custom_padding=&#8220;|||&#8220; global_colors_info=&#8220;{}&#8220; custom_padding__hover=&#8220;|||&#8220;][et_pb_text _builder_version=&#8220;4.27.4&#8243; background_size=&#8220;initial&#8220; background_position=&#8220;top_left&#8220; background_repeat=&#8220;repeat&#8220; global_colors_info=&#8220;{}&#8220;]<\/p>\n<p>Kdy\u017e nap\u00ed\u0161u, \u017ee Lu\u017eany m\u00e1m moc r\u00e1da, je to slab\u00e9 slovo. Str\u00e1vila jsem tam svoje d\u011btstv\u00ed, prakticky cel\u00e9 l\u00e9to jsem brouzdala v parku u z\u00e1mku nebo chodila s babi do \u0158ipce na vi\u0161n\u011b a se psem na h\u0159i\u0161t\u011b. Fotbalisti prominou, ale Bobina cht\u011bla chodit jenom tam. Je\u0161t\u011b kdy\u017e zav\u0159u o\u010di, vybav\u00edm si cesti\u010dku z n\u00e1dra\u017e\u00ed \/kter\u00e9 bylo \u0161iroko daleko chloubou\/, kolem &#8222;vochtru&#8220; p\u0159i kolej\u00edch, a potom k zahrad\u011b. Babi byla takov\u00e1 &#8222;sh\u00e1n\u010dliv\u00e1&#8220;, nemohly jsme j\u00edt ven jen tak.<\/p>\n<p>Musely jsme zp\u00e1tky p\u0159in\u00e9st alespo\u0148 ta\u0161ku kl\u00e1sk\u016f pro slepice nebo \u0161\u00edpky na \u010daj. Babi se s ka\u017ed\u00fdm bavila, jako by ho znala od &#8222;jak\u017eiva&#8220;. Pamatuju si, jak jsme jednou jeli vlakem a babi si celou cestu \u017eiv\u011b pov\u00eddala s pan\u00ed. Usoudila jsem, \u017ee jsou spolu\u017ea\u010dky. Pak jsem se zeptala: &#8222;A kdopa to byl?&#8220; a babi na to: &#8222;\u0106\u00edpa jako mysl\u00ed\u0161 babka? J\u00f3 ta z v vlaku? Tu j\u00e1 nezn\u00e1m, Jaru\u0161ko.&#8220; No a to byla moje babi Milada, co furt chodila na &#8222;\u0161pac\u00edr&#8220; a um\u011bla hr\u00e1t sama se sebou karty a dokonce i vyhr\u00e1t! &#8230;&#8230; Akor\u00e1t boj se z\u00e1ke\u0159nou nemoc\u00ed nakonec prohr\u00e1la, a to byl pro m\u011b konec. Konec d\u011btstv\u00ed, konec dobrodru\u017estv\u00ed.<\/p>\n<p>U\u017e je to v\u00edc jak 25 let, a je\u0161t\u011b te\u010f, kdy\u017e v\u00e1m to p\u00ed\u0161u, m\u00e1m slzy v o\u010d\u00edch. Dlouho, hodn\u011b dlouho jsem do Lu\u017ean nemohla v\u016fbec vkro\u010dit.<\/p>\n<p>A\u017e potom po letech. \u0158\u00edkala jsem si, \u017ee bych se m\u011bla pod\u00edvat alespo\u0148 na Ji\u0159inku z vochtru. Vydala jsem se ho tedy namalovat. Vybavena barvami a \u0161tetci jsem j\u00ed zastihla na z\u00e1pra\u017e\u00ed \/jako v\u017edycky\/ jak &#8222;o\u0161tipuje&#8220; mu\u0161k\u00e1ty v truhl\u00edc\u00edch z polystyrenu. V\u0159ele jsme se p\u0159iv\u00edtaly a j\u00e1 jsem j\u00ed hrd\u011b ozn\u00e1mila, \u017ee j\u00ed namaluju chalupu. A d\u00e1l to bylo p\u0159esn\u011b jako z toho filmu Vesni\u010dko m\u00e1 st\u0159ediskov\u00e1. Nev\u00edte? Tak asi takto: &#8222;Jaru\u0161ko, \u00e1le to nemaluj. Ten plot je darebnej \/byl kr\u00e1snej, ze sou\u0161ek\/. Po\u010dkej, a\u017e to oprav\u00edme. A tady je ta om\u00edtka odfoukl\u00e1, ud\u011blej to cel\u00fd \u017elut\u00fd, tu fas\u00e1du. &#8220; A j\u00e1 jsem \u0159ekla &#8222;M\u011b se to l\u00edb\u00ed pr\u00e1v\u011b tak, i s v\u00e1ma v t\u00fd kv\u011btovan\u00fd z\u00e1st\u011b\u0159e&#8220;. A tak jsem se rychle pustila do d\u00edla. Dob\u0159e to dopadlo. Vlak m\u011b nakonec nep\u0159ejel. Musela jsem toti\u017e sed\u011bt v koleji\u0161ti, a to by jeden ne\u0159ekl, jak dneska jezd\u00ed ty ma\u0161iny ti\u0161e. J\u00f3 to nen\u00ed jako tenkr\u00e1t.<\/p>\n<p>[\/et_pb_text][\/et_pb_column][\/et_pb_row][\/et_pb_section]<\/p>\n","protected":false},"excerpt":{"rendered":"<p>Kdy\u017e nap\u00ed\u0161u, \u017ee Lu\u017eany m\u00e1m moc r\u00e1da, je to slab\u00e9 slovo. Str\u00e1vila jsem tam svoje d\u011btstv\u00ed, prakticky cel\u00e9 l\u00e9to jsem brouzdala v parku u z\u00e1mku nebo chodila s babi do \u0158ipce na vi\u0161n\u011b a se psem na h\u0159i\u0161t\u011b. Fotbalisti prominou, ale Bobina cht\u011bla chodit jenom tam. Je\u0161t\u011b kdy\u017e zav\u0159u o\u010di, vybav\u00edm si cesti\u010dku z n\u00e1dra\u017e\u00ed [&hellip;]<\/p>\n","protected":false},"author":1,"featured_media":736,"comment_status":"open","ping_status":"open","sticky":false,"template":"","format":"standard","meta":{"_et_pb_use_builder":"on","_et_pb_old_content":"","_et_gb_content_width":"","footnotes":""},"categories":[11],"tags":[],"class_list":["post-731","post","type-post","status-publish","format-standard","has-post-thumbnail","hentry","category-pisu"],"yoast_head":"<!-- This site is optimized with the Yoast SEO plugin v27.1.1 - https:\/\/yoast.com\/product\/yoast-seo-wordpress\/ -->\n<title>JAK JSEM MALOVALA &quot;VOCHTR&quot; aneb vzpom\u00ednka na babi lu\u017eanskou - Ateli\u00e9r s du\u0161\u00ed<\/title>\n<meta name=\"robots\" content=\"index, follow, max-snippet:-1, max-image-preview:large, max-video-preview:-1\" \/>\n<link rel=\"canonical\" href=\"https:\/\/ateliersdusi.cz\/de\/2024\/04\/30\/jak-jsem-malovala-vochtr-aneb-vzpominka-na-babi-luzanskou\/\" \/>\n<meta property=\"og:locale\" content=\"de_DE\" \/>\n<meta property=\"og:type\" content=\"article\" \/>\n<meta property=\"og:title\" content=\"JAK JSEM MALOVALA &quot;VOCHTR&quot; aneb vzpom\u00ednka na babi lu\u017eanskou - Ateli\u00e9r s du\u0161\u00ed\" \/>\n<meta property=\"og:description\" content=\"Kdy\u017e nap\u00ed\u0161u, \u017ee Lu\u017eany m\u00e1m moc r\u00e1da, je to slab\u00e9 slovo. Str\u00e1vila jsem tam svoje d\u011btstv\u00ed, prakticky cel\u00e9 l\u00e9to jsem brouzdala v parku u z\u00e1mku nebo chodila s babi do \u0158ipce na vi\u0161n\u011b a se psem na h\u0159i\u0161t\u011b. Fotbalisti prominou, ale Bobina cht\u011bla chodit jenom tam. Je\u0161t\u011b kdy\u017e zav\u0159u o\u010di, vybav\u00edm si cesti\u010dku z n\u00e1dra\u017e\u00ed [&hellip;]\" \/>\n<meta property=\"og:url\" content=\"https:\/\/ateliersdusi.cz\/de\/2024\/04\/30\/jak-jsem-malovala-vochtr-aneb-vzpominka-na-babi-luzanskou\/\" \/>\n<meta property=\"og:site_name\" content=\"Ateli\u00e9r s du\u0161\u00ed\" \/>\n<meta property=\"article:published_time\" content=\"2024-04-30T18:21:38+00:00\" \/>\n<meta property=\"article:modified_time\" content=\"2025-05-12T12:33:23+00:00\" \/>\n<meta property=\"og:image\" content=\"https:\/\/ateliersdusi.cz\/wp-content\/uploads\/2024\/12\/ATELIER-S-DUSI-Jarka-Papezova-Luzany_01.jpg\" \/>\n\t<meta property=\"og:image:width\" content=\"1145\" \/>\n\t<meta property=\"og:image:height\" content=\"846\" \/>\n\t<meta property=\"og:image:type\" content=\"image\/jpeg\" \/>\n<meta name=\"author\" content=\"zuzka\" \/>\n<meta name=\"twitter:card\" content=\"summary_large_image\" \/>\n<meta name=\"twitter:label1\" content=\"Verfasst von\" \/>\n\t<meta name=\"twitter:data1\" content=\"zuzka\" \/>\n\t<meta name=\"twitter:label2\" content=\"Gesch\u00e4tzte Lesezeit\" \/>\n\t<meta name=\"twitter:data2\" content=\"3\u00a0Minuten\" \/>\n<script type=\"application\/ld+json\" class=\"yoast-schema-graph\">{\"@context\":\"https:\/\/schema.org\",\"@graph\":[{\"@type\":\"Article\",\"@id\":\"https:\/\/ateliersdusi.cz\/2024\/04\/30\/jak-jsem-malovala-vochtr-aneb-vzpominka-na-babi-luzanskou\/#article\",\"isPartOf\":{\"@id\":\"https:\/\/ateliersdusi.cz\/2024\/04\/30\/jak-jsem-malovala-vochtr-aneb-vzpominka-na-babi-luzanskou\/\"},\"author\":{\"name\":\"zuzka\",\"@id\":\"https:\/\/ateliersdusi.cz\/#\/schema\/person\/126ebf55255db51dc29b74a7d27e5234\"},\"headline\":\"JAK JSEM MALOVALA &#8222;VOCHTR&#8220; aneb vzpom\u00ednka na babi lu\u017eanskou\",\"datePublished\":\"2024-04-30T18:21:38+00:00\",\"dateModified\":\"2025-05-12T12:33:23+00:00\",\"mainEntityOfPage\":{\"@id\":\"https:\/\/ateliersdusi.cz\/2024\/04\/30\/jak-jsem-malovala-vochtr-aneb-vzpominka-na-babi-luzanskou\/\"},\"wordCount\":547,\"commentCount\":0,\"image\":{\"@id\":\"https:\/\/ateliersdusi.cz\/2024\/04\/30\/jak-jsem-malovala-vochtr-aneb-vzpominka-na-babi-luzanskou\/#primaryimage\"},\"thumbnailUrl\":\"https:\/\/ateliersdusi.cz\/wp-content\/uploads\/2024\/12\/ATELIER-S-DUSI-Jarka-Papezova-Luzany_01.jpg\",\"articleSection\":[\"P\u00ed\u0161u\"],\"inLanguage\":\"de\"},{\"@type\":\"WebPage\",\"@id\":\"https:\/\/ateliersdusi.cz\/2024\/04\/30\/jak-jsem-malovala-vochtr-aneb-vzpominka-na-babi-luzanskou\/\",\"url\":\"https:\/\/ateliersdusi.cz\/2024\/04\/30\/jak-jsem-malovala-vochtr-aneb-vzpominka-na-babi-luzanskou\/\",\"name\":\"JAK JSEM MALOVALA \\\"VOCHTR\\\" aneb vzpom\u00ednka na babi lu\u017eanskou - Ateli\u00e9r s du\u0161\u00ed\",\"isPartOf\":{\"@id\":\"https:\/\/ateliersdusi.cz\/#website\"},\"primaryImageOfPage\":{\"@id\":\"https:\/\/ateliersdusi.cz\/2024\/04\/30\/jak-jsem-malovala-vochtr-aneb-vzpominka-na-babi-luzanskou\/#primaryimage\"},\"image\":{\"@id\":\"https:\/\/ateliersdusi.cz\/2024\/04\/30\/jak-jsem-malovala-vochtr-aneb-vzpominka-na-babi-luzanskou\/#primaryimage\"},\"thumbnailUrl\":\"https:\/\/ateliersdusi.cz\/wp-content\/uploads\/2024\/12\/ATELIER-S-DUSI-Jarka-Papezova-Luzany_01.jpg\",\"datePublished\":\"2024-04-30T18:21:38+00:00\",\"dateModified\":\"2025-05-12T12:33:23+00:00\",\"author\":{\"@id\":\"https:\/\/ateliersdusi.cz\/#\/schema\/person\/126ebf55255db51dc29b74a7d27e5234\"},\"breadcrumb\":{\"@id\":\"https:\/\/ateliersdusi.cz\/2024\/04\/30\/jak-jsem-malovala-vochtr-aneb-vzpominka-na-babi-luzanskou\/#breadcrumb\"},\"inLanguage\":\"de\",\"potentialAction\":[{\"@type\":\"ReadAction\",\"target\":[\"https:\/\/ateliersdusi.cz\/2024\/04\/30\/jak-jsem-malovala-vochtr-aneb-vzpominka-na-babi-luzanskou\/\"]}]},{\"@type\":\"ImageObject\",\"inLanguage\":\"de\",\"@id\":\"https:\/\/ateliersdusi.cz\/2024\/04\/30\/jak-jsem-malovala-vochtr-aneb-vzpominka-na-babi-luzanskou\/#primaryimage\",\"url\":\"https:\/\/ateliersdusi.cz\/wp-content\/uploads\/2024\/12\/ATELIER-S-DUSI-Jarka-Papezova-Luzany_01.jpg\",\"contentUrl\":\"https:\/\/ateliersdusi.cz\/wp-content\/uploads\/2024\/12\/ATELIER-S-DUSI-Jarka-Papezova-Luzany_01.jpg\",\"width\":1145,\"height\":846},{\"@type\":\"BreadcrumbList\",\"@id\":\"https:\/\/ateliersdusi.cz\/2024\/04\/30\/jak-jsem-malovala-vochtr-aneb-vzpominka-na-babi-luzanskou\/#breadcrumb\",\"itemListElement\":[{\"@type\":\"ListItem\",\"position\":1,\"name\":\"Dom\u016f\",\"item\":\"https:\/\/ateliersdusi.cz\/\"},{\"@type\":\"ListItem\",\"position\":2,\"name\":\"JAK JSEM MALOVALA &#8222;VOCHTR&#8220; aneb vzpom\u00ednka na babi lu\u017eanskou\"}]},{\"@type\":\"WebSite\",\"@id\":\"https:\/\/ateliersdusi.cz\/#website\",\"url\":\"https:\/\/ateliersdusi.cz\/\",\"name\":\"Ateli\u00e9r s du\u0161\u00ed\",\"description\":\"Jarka Pape\u017eov\u00e1 - mal\u00ed\u0159ka\",\"potentialAction\":[{\"@type\":\"SearchAction\",\"target\":{\"@type\":\"EntryPoint\",\"urlTemplate\":\"https:\/\/ateliersdusi.cz\/?s={search_term_string}\"},\"query-input\":{\"@type\":\"PropertyValueSpecification\",\"valueRequired\":true,\"valueName\":\"search_term_string\"}}],\"inLanguage\":\"de\"},{\"@type\":\"Person\",\"@id\":\"https:\/\/ateliersdusi.cz\/#\/schema\/person\/126ebf55255db51dc29b74a7d27e5234\",\"name\":\"zuzka\",\"image\":{\"@type\":\"ImageObject\",\"inLanguage\":\"de\",\"@id\":\"https:\/\/ateliersdusi.cz\/#\/schema\/person\/image\/\",\"url\":\"https:\/\/secure.gravatar.com\/avatar\/ae4c2dc2e559223f0d956dadb07bad557a339fb6013d7e993d1916f979137d46?s=96&d=mm&r=g\",\"contentUrl\":\"https:\/\/secure.gravatar.com\/avatar\/ae4c2dc2e559223f0d956dadb07bad557a339fb6013d7e993d1916f979137d46?s=96&d=mm&r=g\",\"caption\":\"zuzka\"},\"sameAs\":[\"http:\/\/ateliersdusi.cz\"],\"url\":\"https:\/\/ateliersdusi.cz\/de\/author\/zuzka\/\"}]}<\/script>\n<!-- \/ Yoast SEO plugin. -->","yoast_head_json":{"title":"JAK JSEM MALOVALA \"VOCHTR\" aneb vzpom\u00ednka na babi lu\u017eanskou - Ateli\u00e9r s du\u0161\u00ed","robots":{"index":"index","follow":"follow","max-snippet":"max-snippet:-1","max-image-preview":"max-image-preview:large","max-video-preview":"max-video-preview:-1"},"canonical":"https:\/\/ateliersdusi.cz\/de\/2024\/04\/30\/jak-jsem-malovala-vochtr-aneb-vzpominka-na-babi-luzanskou\/","og_locale":"de_DE","og_type":"article","og_title":"JAK JSEM MALOVALA \"VOCHTR\" aneb vzpom\u00ednka na babi lu\u017eanskou - Ateli\u00e9r s du\u0161\u00ed","og_description":"Kdy\u017e nap\u00ed\u0161u, \u017ee Lu\u017eany m\u00e1m moc r\u00e1da, je to slab\u00e9 slovo. Str\u00e1vila jsem tam svoje d\u011btstv\u00ed, prakticky cel\u00e9 l\u00e9to jsem brouzdala v parku u z\u00e1mku nebo chodila s babi do \u0158ipce na vi\u0161n\u011b a se psem na h\u0159i\u0161t\u011b. Fotbalisti prominou, ale Bobina cht\u011bla chodit jenom tam. Je\u0161t\u011b kdy\u017e zav\u0159u o\u010di, vybav\u00edm si cesti\u010dku z n\u00e1dra\u017e\u00ed [&hellip;]","og_url":"https:\/\/ateliersdusi.cz\/de\/2024\/04\/30\/jak-jsem-malovala-vochtr-aneb-vzpominka-na-babi-luzanskou\/","og_site_name":"Ateli\u00e9r s du\u0161\u00ed","article_published_time":"2024-04-30T18:21:38+00:00","article_modified_time":"2025-05-12T12:33:23+00:00","og_image":[{"width":1145,"height":846,"url":"https:\/\/ateliersdusi.cz\/wp-content\/uploads\/2024\/12\/ATELIER-S-DUSI-Jarka-Papezova-Luzany_01.jpg","type":"image\/jpeg"}],"author":"zuzka","twitter_card":"summary_large_image","twitter_misc":{"Verfasst von":"zuzka","Gesch\u00e4tzte Lesezeit":"3\u00a0Minuten"},"schema":{"@context":"https:\/\/schema.org","@graph":[{"@type":"Article","@id":"https:\/\/ateliersdusi.cz\/2024\/04\/30\/jak-jsem-malovala-vochtr-aneb-vzpominka-na-babi-luzanskou\/#article","isPartOf":{"@id":"https:\/\/ateliersdusi.cz\/2024\/04\/30\/jak-jsem-malovala-vochtr-aneb-vzpominka-na-babi-luzanskou\/"},"author":{"name":"zuzka","@id":"https:\/\/ateliersdusi.cz\/#\/schema\/person\/126ebf55255db51dc29b74a7d27e5234"},"headline":"JAK JSEM MALOVALA &#8222;VOCHTR&#8220; aneb vzpom\u00ednka na babi lu\u017eanskou","datePublished":"2024-04-30T18:21:38+00:00","dateModified":"2025-05-12T12:33:23+00:00","mainEntityOfPage":{"@id":"https:\/\/ateliersdusi.cz\/2024\/04\/30\/jak-jsem-malovala-vochtr-aneb-vzpominka-na-babi-luzanskou\/"},"wordCount":547,"commentCount":0,"image":{"@id":"https:\/\/ateliersdusi.cz\/2024\/04\/30\/jak-jsem-malovala-vochtr-aneb-vzpominka-na-babi-luzanskou\/#primaryimage"},"thumbnailUrl":"https:\/\/ateliersdusi.cz\/wp-content\/uploads\/2024\/12\/ATELIER-S-DUSI-Jarka-Papezova-Luzany_01.jpg","articleSection":["P\u00ed\u0161u"],"inLanguage":"de"},{"@type":"WebPage","@id":"https:\/\/ateliersdusi.cz\/2024\/04\/30\/jak-jsem-malovala-vochtr-aneb-vzpominka-na-babi-luzanskou\/","url":"https:\/\/ateliersdusi.cz\/2024\/04\/30\/jak-jsem-malovala-vochtr-aneb-vzpominka-na-babi-luzanskou\/","name":"JAK JSEM MALOVALA \"VOCHTR\" aneb vzpom\u00ednka na babi lu\u017eanskou - Ateli\u00e9r s du\u0161\u00ed","isPartOf":{"@id":"https:\/\/ateliersdusi.cz\/#website"},"primaryImageOfPage":{"@id":"https:\/\/ateliersdusi.cz\/2024\/04\/30\/jak-jsem-malovala-vochtr-aneb-vzpominka-na-babi-luzanskou\/#primaryimage"},"image":{"@id":"https:\/\/ateliersdusi.cz\/2024\/04\/30\/jak-jsem-malovala-vochtr-aneb-vzpominka-na-babi-luzanskou\/#primaryimage"},"thumbnailUrl":"https:\/\/ateliersdusi.cz\/wp-content\/uploads\/2024\/12\/ATELIER-S-DUSI-Jarka-Papezova-Luzany_01.jpg","datePublished":"2024-04-30T18:21:38+00:00","dateModified":"2025-05-12T12:33:23+00:00","author":{"@id":"https:\/\/ateliersdusi.cz\/#\/schema\/person\/126ebf55255db51dc29b74a7d27e5234"},"breadcrumb":{"@id":"https:\/\/ateliersdusi.cz\/2024\/04\/30\/jak-jsem-malovala-vochtr-aneb-vzpominka-na-babi-luzanskou\/#breadcrumb"},"inLanguage":"de","potentialAction":[{"@type":"ReadAction","target":["https:\/\/ateliersdusi.cz\/2024\/04\/30\/jak-jsem-malovala-vochtr-aneb-vzpominka-na-babi-luzanskou\/"]}]},{"@type":"ImageObject","inLanguage":"de","@id":"https:\/\/ateliersdusi.cz\/2024\/04\/30\/jak-jsem-malovala-vochtr-aneb-vzpominka-na-babi-luzanskou\/#primaryimage","url":"https:\/\/ateliersdusi.cz\/wp-content\/uploads\/2024\/12\/ATELIER-S-DUSI-Jarka-Papezova-Luzany_01.jpg","contentUrl":"https:\/\/ateliersdusi.cz\/wp-content\/uploads\/2024\/12\/ATELIER-S-DUSI-Jarka-Papezova-Luzany_01.jpg","width":1145,"height":846},{"@type":"BreadcrumbList","@id":"https:\/\/ateliersdusi.cz\/2024\/04\/30\/jak-jsem-malovala-vochtr-aneb-vzpominka-na-babi-luzanskou\/#breadcrumb","itemListElement":[{"@type":"ListItem","position":1,"name":"Dom\u016f","item":"https:\/\/ateliersdusi.cz\/"},{"@type":"ListItem","position":2,"name":"JAK JSEM MALOVALA &#8222;VOCHTR&#8220; aneb vzpom\u00ednka na babi lu\u017eanskou"}]},{"@type":"WebSite","@id":"https:\/\/ateliersdusi.cz\/#website","url":"https:\/\/ateliersdusi.cz\/","name":"Atelier mit Seele","description":"Jarka Pape\u017eov\u00e1 - mal\u00ed\u0159ka","potentialAction":[{"@type":"SearchAction","target":{"@type":"EntryPoint","urlTemplate":"https:\/\/ateliersdusi.cz\/?s={search_term_string}"},"query-input":{"@type":"PropertyValueSpecification","valueRequired":true,"valueName":"search_term_string"}}],"inLanguage":"de"},{"@type":"Person","@id":"https:\/\/ateliersdusi.cz\/#\/schema\/person\/126ebf55255db51dc29b74a7d27e5234","name":"zuzka","image":{"@type":"ImageObject","inLanguage":"de","@id":"https:\/\/ateliersdusi.cz\/#\/schema\/person\/image\/","url":"https:\/\/secure.gravatar.com\/avatar\/ae4c2dc2e559223f0d956dadb07bad557a339fb6013d7e993d1916f979137d46?s=96&d=mm&r=g","contentUrl":"https:\/\/secure.gravatar.com\/avatar\/ae4c2dc2e559223f0d956dadb07bad557a339fb6013d7e993d1916f979137d46?s=96&d=mm&r=g","caption":"zuzka"},"sameAs":["http:\/\/ateliersdusi.cz"],"url":"https:\/\/ateliersdusi.cz\/de\/author\/zuzka\/"}]}},"_links":{"self":[{"href":"https:\/\/ateliersdusi.cz\/de\/wp-json\/wp\/v2\/posts\/731","targetHints":{"allow":["GET"]}}],"collection":[{"href":"https:\/\/ateliersdusi.cz\/de\/wp-json\/wp\/v2\/posts"}],"about":[{"href":"https:\/\/ateliersdusi.cz\/de\/wp-json\/wp\/v2\/types\/post"}],"author":[{"embeddable":true,"href":"https:\/\/ateliersdusi.cz\/de\/wp-json\/wp\/v2\/users\/1"}],"replies":[{"embeddable":true,"href":"https:\/\/ateliersdusi.cz\/de\/wp-json\/wp\/v2\/comments?post=731"}],"version-history":[{"count":3,"href":"https:\/\/ateliersdusi.cz\/de\/wp-json\/wp\/v2\/posts\/731\/revisions"}],"predecessor-version":[{"id":737,"href":"https:\/\/ateliersdusi.cz\/de\/wp-json\/wp\/v2\/posts\/731\/revisions\/737"}],"wp:featuredmedia":[{"embeddable":true,"href":"https:\/\/ateliersdusi.cz\/de\/wp-json\/wp\/v2\/media\/736"}],"wp:attachment":[{"href":"https:\/\/ateliersdusi.cz\/de\/wp-json\/wp\/v2\/media?parent=731"}],"wp:term":[{"taxonomy":"category","embeddable":true,"href":"https:\/\/ateliersdusi.cz\/de\/wp-json\/wp\/v2\/categories?post=731"},{"taxonomy":"post_tag","embeddable":true,"href":"https:\/\/ateliersdusi.cz\/de\/wp-json\/wp\/v2\/tags?post=731"}],"curies":[{"name":"wp","href":"https:\/\/api.w.org\/{rel}","templated":true}]}}